{"id":110,"date":"2024-02-26T05:20:57","date_gmt":"2024-02-26T05:20:57","guid":{"rendered":"https:\/\/grupopueblodedios.org\/liturgiasemanal\/?p=110"},"modified":"2024-03-19T02:43:52","modified_gmt":"2024-03-19T02:43:52","slug":"salmo-115","status":"publish","type":"post","link":"https:\/\/grupopueblodedios.org\/liturgiasemanal\/salmo-115\/","title":{"rendered":"Salmo 115"},"content":{"rendered":"\n<p><strong>AUDIO<\/strong><\/p>\n\n\n\n<figure class=\"wp-block-embed is-type-rich is-provider-gestor-del-servicio wp-block-embed-gestor-del-servicio\"><div class=\"wp-block-embed__wrapper\">\n<audio class=\"wp-audio-shortcode\" id=\"audio-110-1\" preload=\"none\" style=\"width: 100%;\" controls=\"controls\"><source type=\"audio\/mpeg\" src=\"https:\/\/grupopueblodedios.org\/gpdmusica\/mp3\/Salmo115.mp3?_=1\" \/><a href=\"https:\/\/grupopueblodedios.org\/gpdmusica\/mp3\/Salmo115.mp3\">https:\/\/grupopueblodedios.org\/gpdmusica\/mp3\/Salmo115.mp3<\/a><\/audio>\n<\/div><\/figure>\n\n\n\n<p><strong>YouTube<\/strong><\/p>\n\n\n\n<p>Audio de la grabaci\u00f3n del P. Catena para \u00abCantemos Hermanos con amor\u00bb<\/p>\n\n\n\n<p>Canal de Ricardo Ferreyra<\/p>\n\n\n\n<figure class=\"wp-block-embed is-type-video is-provider-youtube wp-block-embed-youtube wp-embed-aspect-4-3 wp-has-aspect-ratio\"><div class=\"wp-block-embed__wrapper\">\n<iframe loading=\"lazy\" title=\"salmo 115 P. Catena\" width=\"640\" height=\"480\" src=\"https:\/\/www.youtube.com\/embed\/FpwYIjK4XFk?feature=oembed\" frameborder=\"0\" allow=\"accelerometer; autoplay; clipboard-write; encrypted-media; gyroscope; picture-in-picture; web-share\" referrerpolicy=\"strict-origin-when-cross-origin\" allowfullscreen><\/iframe>\n<\/div><\/figure>\n\n\n\n<p>Grupo Pueblo de Dios \u2022 Osvaldo Catena \u2022 Armando Levoratti \u2022 Joseph Gelineau<\/p>\n\n\n\n<p>\u00e1lbum &#8211; Bendecir\u00e9 al Se\u00f1or<\/p>\n\n\n\n<figure class=\"wp-block-embed is-type-video is-provider-youtube wp-block-embed-youtube wp-embed-aspect-4-3 wp-has-aspect-ratio\"><div class=\"wp-block-embed__wrapper\">\n<iframe loading=\"lazy\" title=\"Salmo 115\" width=\"640\" height=\"480\" src=\"https:\/\/www.youtube.com\/embed\/qTcUOulOSes?feature=oembed\" frameborder=\"0\" allow=\"accelerometer; autoplay; clipboard-write; encrypted-media; gyroscope; picture-in-picture; web-share\" referrerpolicy=\"strict-origin-when-cross-origin\" allowfullscreen><\/iframe>\n<\/div><\/figure>\n\n\n\n<p><strong>Spotify<\/strong><\/p>\n\n\n\n<figure class=\"wp-block-embed is-type-rich is-provider-spotify wp-block-embed-spotify wp-embed-aspect-21-9 wp-has-aspect-ratio\"><div class=\"wp-block-embed__wrapper\">\n<iframe title=\"Spotify Embed: Salmo 115\" style=\"border-radius: 12px\" width=\"100%\" height=\"152\" frameborder=\"0\" allowfullscreen allow=\"autoplay; clipboard-write; encrypted-media; fullscreen; picture-in-picture\" loading=\"lazy\" src=\"https:\/\/open.spotify.com\/embed\/track\/3L6X4VQma1jUoiUJmAyYfZ?si=dec77cefb1024b91&#038;utm_source=oembed\"><\/iframe>\n<\/div><\/figure>\n\n\n\n<p>*<strong>Partitura<\/strong>&nbsp;con los acordes para la guitarra*<\/p>\n\n\n\n<p><a href=\"https:\/\/grupopueblodedios.org\/gpdmusica\/pdf\/salmo115.pdf\">https:\/\/grupopueblodedios.org\/gpdmusica\/pdf\/salmo115.pdf<\/a><\/p>\n\n\n\n<p><strong>*ALTERNATIVA*<\/strong><\/p>\n\n\n\n<p>\u00ab`Salmos de Cuaresma\u00ab`&nbsp;<\/p>\n\n\n\n<p>_*Durante el tiempo \u00abfuerte\u00bb: Cuaresma. Pascua. (Adviento, Navidad, Patronales) se propone cantar un mismo salmo que marque la vida contemplativa de esa comunidad*_<\/p>\n\n\n\n<p>_en los Santuarios se puede hacer esa opci\u00f3n con los salmos m\u00e1s populares_<\/p>\n\n\n\n<p><strong>ALTERNATIVA<\/strong><\/p>\n\n\n\n<p>Salmo 115 \u00b7 Misioneras Diocesanas<\/p>\n\n\n\n<p>+ Hna. Mariana G\u00f3mez Carrillo<\/p>\n\n\n\n<p>Soy la Iglesia que canta<\/p>\n\n\n\n<p><strong>C\u00d3MO TE PAGAREMOS<\/strong>&nbsp;&nbsp;misioneras diocesanas<\/p>\n\n\n\n<p><strong>Baguala<\/strong><\/p>\n\n\n\n<p><strong>DO&nbsp;&nbsp; &nbsp;FA&nbsp; DO<\/strong><\/p>\n\n\n\n<p>C\u00d3MO TE PAGAREMOS<\/p>\n\n\n\n<p><strong>FA&nbsp;&nbsp; DO&nbsp;&nbsp;&nbsp;&nbsp;&nbsp;&nbsp;&nbsp;&nbsp; SOL DO<\/strong><\/p>\n\n\n\n<p>TODO EL BIEN QUE NOS HICISTE.<\/p>\n\n\n\n<p><strong>&nbsp;&nbsp;DO&nbsp;&nbsp;&nbsp;&nbsp;&nbsp; SOL&nbsp; DO<\/strong><\/p>\n\n\n\n<p>1. Nuestro Dios es compasivo,<\/p>\n\n\n\n<p><strong>&nbsp;&nbsp;&nbsp; FA&nbsp;&nbsp;&nbsp;&nbsp; DO<\/strong><\/p>\n\n\n\n<p>&nbsp;&nbsp; est\u00e1 lleno de ternura;<\/p>\n\n\n\n<p><strong>&nbsp;&nbsp; DO&nbsp;&nbsp; FA&nbsp;&nbsp;&nbsp; DO<\/strong><\/p>\n\n\n\n<p>&nbsp;&nbsp; \u00c9l cuida de los peque\u00f1os,<\/p>\n\n\n\n<p><strong>&nbsp;&nbsp;&nbsp;&nbsp; FA&nbsp;&nbsp;&nbsp;&nbsp; DO&nbsp;&nbsp;&nbsp;&nbsp;&nbsp;&nbsp;&nbsp;&nbsp; SOL DO<\/strong><\/p>\n\n\n\n<p>&nbsp;&nbsp; libr\u00f3 mi vida de la muerte,<\/p>\n\n\n\n<p>2. \u00bfQu\u00e9 podr\u00e9 darle a mi Se\u00f1or<\/p>\n\n\n\n<p>&nbsp;&nbsp; por todo el bien que me hizo?<\/p>\n\n\n\n<p>&nbsp;&nbsp; Voy a cumplir mis promesas<\/p>\n\n\n\n<p>&nbsp;&nbsp; en la presencia de su pueblo.<\/p>\n\n\n\n<p>3. Alzar\u00e9 el c\u00e1liz que da vida<\/p>\n\n\n\n<p>&nbsp;&nbsp; y alabar\u00e9 su Nombre.<\/p>\n\n\n\n<p>&nbsp;&nbsp; Voy a cumplir mis promesas<\/p>\n\n\n\n<p>&nbsp;&nbsp; en la presencia de su Pueblo.<\/p>\n\n\n\n<p><strong>AUDIO<\/strong><\/p>\n\n\n\n<figure class=\"wp-block-embed is-type-video is-provider-youtube wp-block-embed-youtube wp-embed-aspect-4-3 wp-has-aspect-ratio\"><div class=\"wp-block-embed__wrapper\">\n<iframe loading=\"lazy\" title=\"Salmo 115\" width=\"640\" height=\"480\" src=\"https:\/\/www.youtube.com\/embed\/WbUP1rmBm7U?feature=oembed\" frameborder=\"0\" allow=\"accelerometer; autoplay; clipboard-write; encrypted-media; gyroscope; picture-in-picture; web-share\" referrerpolicy=\"strict-origin-when-cross-origin\" allowfullscreen><\/iframe>\n<\/div><\/figure>\n\n\n\n<p>*Spotify*<\/p>\n\n\n\n<figure class=\"wp-block-embed is-type-rich is-provider-spotify wp-block-embed-spotify wp-embed-aspect-21-9 wp-has-aspect-ratio\"><div class=\"wp-block-embed__wrapper\">\n<iframe title=\"Spotify Embed: Salmo 115\" style=\"border-radius: 12px\" width=\"100%\" height=\"152\" frameborder=\"0\" allowfullscreen allow=\"autoplay; clipboard-write; encrypted-media; fullscreen; picture-in-picture\" loading=\"lazy\" src=\"https:\/\/open.spotify.com\/embed\/track\/2Gytj0oWhtJKH5Q7ouY4E6?si=2e4f5ad18fc3456f&#038;utm_source=oembed\"><\/iframe>\n<\/div><\/figure>\n\n\n\n<p>*<strong>Partitura&nbsp;<\/strong>con los acordes para la guitarra*<\/p>\n\n\n\n<p><a href=\"https:\/\/www.dropbox.com\/s\/xe9qrz9f6kpw4ng\/Como%20te%20pagaremos%202.pdf?dl=0\">https:\/\/www.dropbox.com\/s\/xe9qrz9f6kpw4ng\/Como%20te%20pagaremos%202.pdf?dl=0<\/a><\/p>\n\n\n\n<figure class=\"wp-block-image is-resized\"><img decoding=\"async\" src=\"https:\/\/apis.mail.yahoo.com\/ws\/v3\/mailboxes\/@.id==VjN-aq8nnSeJ_T2J9YB0l2YheHojzQIdB26vEBzHERHZtCNvwcZSczhmpC5B3t3chsSfG2ZcQmJ0gBs_iR6jOMvLkw\/messages\/@.id==AIgUaL5Vn4EIZdVitApUiHlFaG8\/content\/parts\/@.id==4\/thumbnail?appid=YMailNorrin&amp;downloadWhenThumbnailFails=true&amp;pid=4\" alt=\"\" style=\"aspect-ratio:1;width:840px;height:auto\"\/><\/figure>\n","protected":false},"excerpt":{"rendered":"<p>Versiones del Salmo 115.<\/p>\n","protected":false},"author":3,"featured_media":0,"comment_status":"open","ping_status":"open","sticky":false,"template":"","format":"standard","meta":{"footnotes":""},"categories":[13],"tags":[],"class_list":["post-110","post","type-post","status-publish","format-standard","hentry","category-salmo-dominical"],"_links":{"self":[{"href":"https:\/\/grupopueblodedios.org\/liturgiasemanal\/wp-json\/wp\/v2\/posts\/110","targetHints":{"allow":["GET"]}}],"collection":[{"href":"https:\/\/grupopueblodedios.org\/liturgiasemanal\/wp-json\/wp\/v2\/posts"}],"about":[{"href":"https:\/\/grupopueblodedios.org\/liturgiasemanal\/wp-json\/wp\/v2\/types\/post"}],"author":[{"embeddable":true,"href":"https:\/\/grupopueblodedios.org\/liturgiasemanal\/wp-json\/wp\/v2\/users\/3"}],"replies":[{"embeddable":true,"href":"https:\/\/grupopueblodedios.org\/liturgiasemanal\/wp-json\/wp\/v2\/comments?post=110"}],"version-history":[{"count":3,"href":"https:\/\/grupopueblodedios.org\/liturgiasemanal\/wp-json\/wp\/v2\/posts\/110\/revisions"}],"predecessor-version":[{"id":216,"href":"https:\/\/grupopueblodedios.org\/liturgiasemanal\/wp-json\/wp\/v2\/posts\/110\/revisions\/216"}],"wp:attachment":[{"href":"https:\/\/grupopueblodedios.org\/liturgiasemanal\/wp-json\/wp\/v2\/media?parent=110"}],"wp:term":[{"taxonomy":"category","embeddable":true,"href":"https:\/\/grupopueblodedios.org\/liturgiasemanal\/wp-json\/wp\/v2\/categories?post=110"},{"taxonomy":"post_tag","embeddable":true,"href":"https:\/\/grupopueblodedios.org\/liturgiasemanal\/wp-json\/wp\/v2\/tags?post=110"}],"curies":[{"name":"wp","href":"https:\/\/api.w.org\/{rel}","templated":true}]}}