{"id":117,"date":"2024-02-26T05:38:08","date_gmt":"2024-02-26T05:38:08","guid":{"rendered":"https:\/\/grupopueblodedios.org\/liturgiasemanal\/?p=117"},"modified":"2024-03-19T00:53:45","modified_gmt":"2024-03-19T00:53:45","slug":"mensaje-del-papa-para-la-cuaresma-2024","status":"publish","type":"post","link":"https:\/\/grupopueblodedios.org\/liturgiasemanal\/mensaje-del-papa-para-la-cuaresma-2024\/","title":{"rendered":"MENSAJE DEL PAPA PARA LA CUARESMA 2024"},"content":{"rendered":"\n<p><a href=\"https:\/\/press.vatican.va\/content\/salastampa\/es\/bollettino\/pubblico\/2024\/02\/01\/010224a.html\">https:\/\/press.vatican.va\/content\/salastampa\/es\/bollettino\/pubblico\/2024\/02\/01\/010224a.html<\/a><\/p>\n\n\n\n<p><strong><em>A trav\u00e9s del desierto Dios nos gu\u00eda a la libertad<\/em><\/strong><\/p>\n\n\n\n<p><em>La forma sinodal de la Iglesia, que en estos \u00faltimos a\u00f1os estamos redescubriendo y cultivando, sugiere que la Cuaresma sea tambi\u00e9n un tiempo de decisiones comunitarias, de peque\u00f1as y grandes decisiones a contracorriente, capaces de cambiar la cotidianeidad de las personas y la vida de un barrio: los h\u00e1bitos de compra, el cuidado de la creaci\u00f3n, la inclusi\u00f3n de los invisibles o los despreciados. Invito a todas las comunidades cristianas a hacer esto: a ofrecer a sus fieles momentos para reflexionar sobre los estilos de vida; a darse tiempo para verificar su presencia en el barrio y su contribuci\u00f3n para mejorarlo. Ay de nosotros si la penitencia cristiana fuera como la que entristec\u00eda a Jes\u00fas. Tambi\u00e9n a nosotros \u00c9l nos dice: \u00abNo pongan cara triste, como hacen los hip\u00f3critas, que desfiguran su rostro para que se note que ayunan\u00bb (Mt 6,16). M\u00e1s bien, que se vea la alegr\u00eda en los rostros, que se sienta la fragancia de la libertad, que se libere ese amor que hace nuevas todas las cosas, empezando por las m\u00e1s peque\u00f1as y cercanas. Esto puede suceder en cada comunidad cristiana.<\/em><\/p>\n\n\n\n<p><em>En la medida en que esta Cuaresma sea de conversi\u00f3n, entonces, la humanidad extraviada sentir\u00e1 un estremecimiento de creatividad; el destello de una nueva esperanza. Quisiera decirles, como a los j\u00f3venes que encontr\u00e9 en Lisboa el verano pasado: \u00abBusquen y arriesguen, busquen y arriesguen. En este momento hist\u00f3rico los desaf\u00edos son enormes, los quejidos dolorosos \u2014estamos viviendo una tercera guerra mundial a pedacitos\u2014, pero abrazamos el riesgo de pensar que no estamos en una agon\u00eda, sino en un parto; no en el final, sino al comienzo de un gran espect\u00e1culo. Y hace falta coraje para pensar esto\u00bb (Discurso a los universitarios, 3 agosto 2023). Es la valent\u00eda de la conversi\u00f3n, de salir de la esclavitud. La fe y la caridad llevan de la mano a esta peque\u00f1a esperanza. Le ense\u00f1an a caminar y, al mismo tiempo, es ella la que las arrastra hacia adelante.[1] Cf. Ch. P\u00e9guy, El p\u00f3rtico del misterio de la segunda virtud, Madrid 1991, 21-23.<\/em><\/p>\n","protected":false},"excerpt":{"rendered":"<p>A trav\u00e9s del desierto Dios nos gu\u00eda a la libertad.<\/p>\n","protected":false},"author":3,"featured_media":0,"comment_status":"open","ping_status":"open","sticky":false,"template":"","format":"standard","meta":{"footnotes":""},"categories":[25],"tags":[],"class_list":["post-117","post","type-post","status-publish","format-standard","hentry","category-documentos-y-mensajes"],"_links":{"self":[{"href":"https:\/\/grupopueblodedios.org\/liturgiasemanal\/wp-json\/wp\/v2\/posts\/117","targetHints":{"allow":["GET"]}}],"collection":[{"href":"https:\/\/grupopueblodedios.org\/liturgiasemanal\/wp-json\/wp\/v2\/posts"}],"about":[{"href":"https:\/\/grupopueblodedios.org\/liturgiasemanal\/wp-json\/wp\/v2\/types\/post"}],"author":[{"embeddable":true,"href":"https:\/\/grupopueblodedios.org\/liturgiasemanal\/wp-json\/wp\/v2\/users\/3"}],"replies":[{"embeddable":true,"href":"https:\/\/grupopueblodedios.org\/liturgiasemanal\/wp-json\/wp\/v2\/comments?post=117"}],"version-history":[{"count":3,"href":"https:\/\/grupopueblodedios.org\/liturgiasemanal\/wp-json\/wp\/v2\/posts\/117\/revisions"}],"predecessor-version":[{"id":214,"href":"https:\/\/grupopueblodedios.org\/liturgiasemanal\/wp-json\/wp\/v2\/posts\/117\/revisions\/214"}],"wp:attachment":[{"href":"https:\/\/grupopueblodedios.org\/liturgiasemanal\/wp-json\/wp\/v2\/media?parent=117"}],"wp:term":[{"taxonomy":"category","embeddable":true,"href":"https:\/\/grupopueblodedios.org\/liturgiasemanal\/wp-json\/wp\/v2\/categories?post=117"},{"taxonomy":"post_tag","embeddable":true,"href":"https:\/\/grupopueblodedios.org\/liturgiasemanal\/wp-json\/wp\/v2\/tags?post=117"}],"curies":[{"name":"wp","href":"https:\/\/api.w.org\/{rel}","templated":true}]}}