{"id":121,"date":"2024-02-26T05:42:14","date_gmt":"2024-02-26T05:42:14","guid":{"rendered":"https:\/\/grupopueblodedios.org\/liturgiasemanal\/?p=121"},"modified":"2024-02-26T05:52:34","modified_gmt":"2024-02-26T05:52:34","slug":"sugerencias-domingo-2-de-cuaresma-ciclo-b","status":"publish","type":"post","link":"https:\/\/grupopueblodedios.org\/liturgiasemanal\/sugerencias-domingo-2-de-cuaresma-ciclo-b\/","title":{"rendered":"SUGERENCIAS &#8211; Domingo 2\u00b0 de Cuaresma, Ciclo B"},"content":{"rendered":"\n<p>IMAGEN, SENTIMIENTO, IDEA<\/p>\n\n\n\n<p>Lo que sugiere Francisco en la Evangelii Gaudium para la homil\u00eda nos puede servir a la hora de preparar y animar la Celebraci\u00f3n.<\/p>\n\n\n\n<p>S\u00f3lo para ejemplificar, recordemos algunos recursos pr\u00e1cticos, que pueden enriquecer una predicaci\u00f3n y volverla m\u00e1s atractiva. Uno de los esfuerzos m\u00e1s necesarios es aprender a usar im\u00e1genes en la predicaci\u00f3n, es decir, a hablar con im\u00e1genes. A veces se utilizan ejemplos para hacer m\u00e1s comprensible algo que se quiere explicar, pero esos ejemplos suelen apuntar s\u00f3lo al entendimiento; las im\u00e1genes, en cambio, ayudan a valorar y aceptar el mensaje que se quiere transmitir. Una imagen atractiva hace que el mensaje se sienta como algo familiar, cercano, posible, conectado con la propia vida. Una imagen bien lograda puede llevar a gustar el mensaje que se quiere transmitir, despierta un deseo y motiva a la voluntad en la direcci\u00f3n del Evangelio. Una buena homil\u00eda, como me dec\u00eda un viejo maestro, debe contener \u00abuna idea, un sentimiento, una imagen\u00bb. Francisco en EG 157<\/p>\n\n\n\n<p>Idea:&nbsp;<strong>Dios est\u00e1 con nosotros<\/strong><\/p>\n\n\n\n<p><strong>Sentimiento:<\/strong>&nbsp;Qu\u00e9 bien estamos aqu\u00ed.<\/p>\n\n\n\n<p>Imagen:<strong>&nbsp;Jes\u00fas transfigurado&nbsp;<\/strong>\u2013 Abraham e Isaac<\/p>\n\n\n\n<p><strong>Frase: Este es mi hijo muy querido \u00a1Esc\u00fachenlo!<\/strong><\/p>\n\n\n\n<p>Gesto:&nbsp;Destacar la entrada de la palabra de Dios,<\/p>\n\n\n\n<p>SALMO 115 Caminar\u00e9 en presencia del Se\u00f1or<\/p>\n\n\n\n<p>CANTO LA TRANSFIGURACION https:\/\/www.youtube.com\/watch?v=A7Sy9u_PAAw<\/p>\n\n\n\n<p><strong><u>Avisar:<\/u><\/strong>&nbsp;V\u00eda crucis los viernes<\/p>\n\n\n\n<p>PARA reunir al equipo de Liturgia: Pasi\u00f3n seg\u00fan San Marcos para lectura Lit\u00fargica pastoral<\/p>\n\n\n\n<p>En&nbsp;<strong>Power point y en videos<\/strong>&nbsp;del Monasterio San Benet de Monserrat, Espa\u00f1a<\/p>\n\n\n\n<p><a rel=\"noreferrer noopener\" target=\"_blank\" href=\"http:\/\/www.monestirsantbenetmontserrat.cat\/regina\/eucarcast.html\">http:\/\/www.monestirsantbenetmontserrat.cat\/regina\/eucarcast.html<\/a><\/p>\n\n\n\n<p>Subsidios para la Misa dominical&nbsp; De Chile<\/p>\n\n\n\n<p>De Chile&nbsp;<a rel=\"noreferrer noopener\" target=\"_blank\" href=\"http:\/\/www.iglesia.cl\/\">http:\/\/www.iglesia.cl\/<\/a>&nbsp;&nbsp;&nbsp;&nbsp;&nbsp;&nbsp;&nbsp;&nbsp;<strong>&nbsp;02 CUA2b Chile.pdf<\/strong>&nbsp;<\/p>\n\n\n\n<p><a href=\"https:\/\/www.dropbox.com\/s\/t88g7e04jarrdx6\/02%20CUA2b%20Chile.pdf?dl=0\">https:\/\/www.dropbox.com\/s\/t88g7e04jarrdx6\/02%20CUA2b%20Chile.pdf?dl=0<\/a><\/p>\n\n\n\n<p>El rostro del Transfigurado. El domingo pasado era el signo del agua que suger\u00edamos concentrar la atenci\u00f3n de los fieles. Hoy es hacia el rostro del Transfigurado que sugerimos&nbsp; dirigir la mirada: un icono, una imagen del rostro de Jes\u00fas&#8230;<\/p>\n\n\n\n<p>2. Valorizar el amb\u00f3n y el Libro de la Palabra. El Evangeliario debe figurar en la procesi\u00f3n de entrada y depositarse sobre el altar.<\/p>\n\n\n\n<p>3. El prefacio es propio.<\/p>\n","protected":false},"excerpt":{"rendered":"<p>IMAGEN, SENTIMIENTO, IDEA Lo que sugiere Francisco en la Evangelii Gaudium para la homil\u00eda nos puede servir a la hora de preparar y animar la Celebraci\u00f3n. S\u00f3lo para ejemplificar, recordemos algunos recursos pr\u00e1cticos, que pueden enriquecer una predicaci\u00f3n y volverla m\u00e1s atractiva. Uno de los esfuerzos m\u00e1s necesarios es aprender a usar im\u00e1genes en la predicaci\u00f3n, es decir, a hablar con im\u00e1genes. A veces se utilizan ejemplos para hacer m\u00e1s comprensible algo que se quiere explicar, pero esos ejemplos suelen&#8230;<\/p>\n<p class=\"read-more\"><a class=\"btn btn-default\" href=\"https:\/\/grupopueblodedios.org\/liturgiasemanal\/sugerencias-domingo-2-de-cuaresma-ciclo-b\/\"> Leer m\u00e1s<span class=\"screen-reader-text\">  Leer m\u00e1s<\/span><\/a><\/p>\n","protected":false},"author":3,"featured_media":0,"comment_status":"open","ping_status":"open","sticky":false,"template":"","format":"standard","meta":{"footnotes":""},"categories":[2],"tags":[],"class_list":["post-121","post","type-post","status-publish","format-standard","hentry","category-liturgia-dominical"],"_links":{"self":[{"href":"https:\/\/grupopueblodedios.org\/liturgiasemanal\/wp-json\/wp\/v2\/posts\/121","targetHints":{"allow":["GET"]}}],"collection":[{"href":"https:\/\/grupopueblodedios.org\/liturgiasemanal\/wp-json\/wp\/v2\/posts"}],"about":[{"href":"https:\/\/grupopueblodedios.org\/liturgiasemanal\/wp-json\/wp\/v2\/types\/post"}],"author":[{"embeddable":true,"href":"https:\/\/grupopueblodedios.org\/liturgiasemanal\/wp-json\/wp\/v2\/users\/3"}],"replies":[{"embeddable":true,"href":"https:\/\/grupopueblodedios.org\/liturgiasemanal\/wp-json\/wp\/v2\/comments?post=121"}],"version-history":[{"count":1,"href":"https:\/\/grupopueblodedios.org\/liturgiasemanal\/wp-json\/wp\/v2\/posts\/121\/revisions"}],"predecessor-version":[{"id":122,"href":"https:\/\/grupopueblodedios.org\/liturgiasemanal\/wp-json\/wp\/v2\/posts\/121\/revisions\/122"}],"wp:attachment":[{"href":"https:\/\/grupopueblodedios.org\/liturgiasemanal\/wp-json\/wp\/v2\/media?parent=121"}],"wp:term":[{"taxonomy":"category","embeddable":true,"href":"https:\/\/grupopueblodedios.org\/liturgiasemanal\/wp-json\/wp\/v2\/categories?post=121"},{"taxonomy":"post_tag","embeddable":true,"href":"https:\/\/grupopueblodedios.org\/liturgiasemanal\/wp-json\/wp\/v2\/tags?post=121"}],"curies":[{"name":"wp","href":"https:\/\/api.w.org\/{rel}","templated":true}]}}