{"id":294,"date":"2024-04-02T22:26:16","date_gmt":"2024-04-02T22:26:16","guid":{"rendered":"https:\/\/grupopueblodedios.org\/liturgiasemanal\/?p=294"},"modified":"2024-04-02T22:26:16","modified_gmt":"2024-04-02T22:26:16","slug":"salmo-117-el-salmo-pascual","status":"publish","type":"post","link":"https:\/\/grupopueblodedios.org\/liturgiasemanal\/salmo-117-el-salmo-pascual\/","title":{"rendered":"Salmo 117 . el salmo Pascual"},"content":{"rendered":"\n<h2 class=\"wp-block-heading\"><sup><mark style=\"background-color:#ffffff\" class=\"has-inline-color has-luminous-vivid-amber-color\">En la gran fiesta del pueblo de Dios, celebramos la liberaci\u00f3n que El nos ha dado. <\/mark><\/sup><\/h2>\n\n\n\n<p class=\"has-text-align-center\"><em>ORANDO EL SALMO RESPONSORIAL 117     (118)<\/em><br><em><strong>Vigilia Pascual y Domingo de Pascua, Misa del d\u00eda; Octava de Pascua<\/strong><\/em><\/p>\n\n\n\n<figure class=\"wp-block-gallery has-nested-images columns-default is-cropped wp-block-gallery-1 is-layout-flex wp-block-gallery-is-layout-flex\">\n<figure class=\"wp-block-image size-large\"><a href=\"https:\/\/grupopueblodedios.org\/liturgiasemanal\/wp-content\/uploads\/2024\/04\/salmo-117aCOLOR.jpg\"><img loading=\"lazy\" decoding=\"async\" width=\"517\" height=\"675\" data-id=\"295\" src=\"https:\/\/grupopueblodedios.org\/liturgiasemanal\/wp-content\/uploads\/2024\/04\/salmo-117aCOLOR.jpg\" alt=\"\" class=\"wp-image-295\" srcset=\"https:\/\/grupopueblodedios.org\/liturgiasemanal\/wp-content\/uploads\/2024\/04\/salmo-117aCOLOR.jpg 517w, https:\/\/grupopueblodedios.org\/liturgiasemanal\/wp-content\/uploads\/2024\/04\/salmo-117aCOLOR-230x300.jpg 230w, https:\/\/grupopueblodedios.org\/liturgiasemanal\/wp-content\/uploads\/2024\/04\/salmo-117aCOLOR-207x270.jpg 207w\" sizes=\"auto, (max-width: 517px) 100vw, 517px\" \/><\/a><\/figure>\n<\/figure>\n\n\n\n<div class=\"wp-block-group\"><div class=\"wp-block-group__inner-container is-layout-constrained wp-block-group-is-layout-constrained\">\n<div class=\"wp-block-group\"><div class=\"wp-block-group__inner-container is-layout-constrained wp-block-group-is-layout-constrained\">\n<p class=\"has-text-align-center\"><sub>1<\/sub> Demos gracias al Se\u00f1or porque es bueno,<br>porque es eterna su misericordia.<\/p>\n\n\n\n<p class=\"has-text-align-center\"><sub>2 <\/sub>Diga la casa de Israel:<br>eterna es su misericordia.<\/p>\n\n\n\n<p class=\"has-text-align-center\"><sub>3 <\/sub>Diga la casa de Aar\u00f3n:<br>eterna es su misericordia.<\/p>\n\n\n\n<p class=\"has-text-align-center\"><sub>4<\/sub> Digan los fieles del Se\u00f1or:<br>eterna es su <strong>misericordia<\/strong>.<\/p>\n\n\n\n<p class=\"has-text-align-center\"><sub>5 <\/sub>En el peligro grit\u00e9 al Se\u00f1or,<br>y me escuch\u00f3, poni\u00e9ndome a salvo.<\/p>\n\n\n\n<p class=\"has-text-align-center\"><sub>6<\/sub> El Se\u00f1or est\u00e1 conmigo: no temo;<br>\u00bfqu\u00e9 podr\u00e1 hacerme el hombre?<br><sub>7<\/sub> El Se\u00f1or est\u00e1 conmigo y me auxilia,<br>ver\u00e9 la derrota de mis adversarios.<\/p>\n\n\n\n<p class=\"has-text-align-center\"><sub>8<\/sub> Mejor es refugiarse en el Se\u00f1or<br>que fiarse de los hombres,<br><sub>9 <\/sub>mejor es refugiarse en el Se\u00f1or<br>que fiarse de los jefes.<\/p>\n\n\n\n<p class=\"has-text-align-center\"><sub>10<\/sub> Todos los pueblos me rodeaban,<br>en el nombre del Se\u00f1or los rechac\u00e9;<br><sub>11<\/sub> me rodeaban cerrando el cerco,<br>en el nombre del Se\u00f1or los rechac\u00e9;<br><sub>12<\/sub> me rodeaban como avispas,<br>ardiendo como fuego en las zarzas,<br>en el nombre del Se\u00f1or los rechac\u00e9.<\/p>\n\n\n\n<p class=\"has-text-align-center\"><sub>13 <\/sub>Empujaban y empujaban para derribarme,<br>pero el Se\u00f1or me ayud\u00f3;<br><sub>14<\/sub> el Se\u00f1or es mi fuerza y mi energ\u00eda,<br>\u00e9l es mi salvaci\u00f3n.<\/p>\n\n\n\n<p class=\"has-text-align-center\"><sub>15 <\/sub>Escuchad: hay cantos de victoria<br>en las tiendas de los justos:<br>\u00abLa diestra del Se\u00f1or es poderosa,<br><sub>16<\/sub> la diestra del Se\u00f1or es excelsa,<br>la diestra del Se\u00f1or es poderosa\u00bb.<\/p>\n\n\n\n<p class=\"has-text-align-center\"><sub>17<\/sub> No he de morir, vivir\u00e9<br>para contar las haza\u00f1as del Se\u00f1or.<br><sub>18 <\/sub>Me castig\u00f3, me castig\u00f3 el Se\u00f1or,<br>pero no me entreg\u00f3 a la muerte.<\/p>\n\n\n\n<p class=\"has-text-align-center\"><sub>19 <\/sub>Abran las puertas del triunfo,<br>y entrar\u00e9 para dar gracias al Se\u00f1or.<\/p>\n\n\n\n<p class=\"has-text-align-center\"><sub>20-<\/sub> Esta es la puerta del Se\u00f1or:<br>los vencedores entrar\u00e1n por ella.<\/p>\n\n\n\n<p class=\"has-text-align-center\">21- Te doy gracias porque me escuchaste<br>y fuiste mi salvaci\u00f3n.<\/p>\n\n\n\n<p class=\"has-text-align-center\"><sub>22 <\/sub>La piedra que desecharon los arquitectos<br>es ahora la piedra angular.<br><sub>23<\/sub> Es el Se\u00f1or quien lo ha hecho,<br>ha sido un milagro patente.<\/p>\n\n\n\n<p class=\"has-text-align-center\"><sub>24<\/sub> \u00c9ste es el d\u00eda en que actu\u00f3 el Se\u00f1or:<br>sea nuestra alegr\u00eda y nuestro gozo.<br><sub>25<\/sub> Se\u00f1or, danos la salvaci\u00f3n;<br>Se\u00f1or, danos prosperidad.<\/p>\n\n\n\n<p class=\"has-text-align-center\"><sub>26-<\/sub> Bendito el que viene en nombre del Se\u00f1or,<br>los bendecimos desde la casa del Se\u00f1or;<br><sub>27<\/sub> el Se\u00f1or es Dios, \u00e9l nos ilumina.<\/p>\n\n\n\n<p class=\"has-text-align-center\">Ordenen una procesi\u00f3n con ramos<br>hasta los \u00e1ngulos del altar.<\/p>\n\n\n\n<p class=\"has-text-align-center\"><sub>28<\/sub> T\u00fa eres mi Dios, te doy gracias;<br>Dios m\u00edo, yo te ensalzo.<\/p>\n\n\n\n<p class=\"has-text-align-center\"><sub>29<\/sub> Demos gracias al Se\u00f1or porque es bueno,<br>porque es eterna su misericordia.<br>La piedra que desecharon los constructores<br>es ahora la piedra angular.<\/p>\n\n\n\n<p class=\"has-text-align-center\">Esto ha sido hecho por el Se\u00f1or<br>y es admirable a nuestros ojos. R.<\/p>\n<\/div><\/div>\n<\/div><\/div>\n\n\n\n<p><code>[Hemos cantado:]<sup><sub> Alaben al Se\u00f1or porque es bueno, porque es eterna su misericordia (Sal 117,1) La frase del salmo con la que el pueblo debe responder, cantando, es la siguiente: Este es el d\u00eda que hizo el Se\u00f1or, exultemos y goc\u00e9monos en \u00e9l (v. 24) (...) El d\u00eda del que se habla no hace referencia al curso del sol, sino a las acciones insignes que en \u00e9l se cumplieron (...) \u00bfQu\u00e9 podr\u00e1 ser comparado con ese d\u00eda en el que se obr\u00f3 la reconciliaci\u00f3n de Dios con los hombres, y se puso fin a prolongado combate, en el que la tierra alcanz\u00f3 el cielo, y los indignos habitantes de la tierra llegaron a ser dignos [ciudadanos] del Reino, y las primicias de nuestra naturaleza ascendieron m\u00e1s arriba de los cielos, y abierto el para\u00edso, recibimos la antigua patria en herencia, y desaparecida la maldici\u00f3n, quedamos desligados del pecado, y quienes hab\u00edan sido castigados de acuerdo a la ley, recibieron la salvaci\u00f3n fuera de la ley, y toda la tierra y el mar [re]conoci\u00f3 a su Se\u00f1or, y tant\u00edsimos otros hechos que no es posible expresar mediante palabras? Por eso el Profeta [David], al considerar todas estas cosas, las atribuy\u00f3 todas a Dios, mostrando que por \u00e9l han sido hechas:\u00a1exultemos y goc\u00e9monos en \u00e9l!<\/sub> <\/sup>(Juan Cris\u00f3stomo, Homil\u00eda sobre el salmo 117, 1.1;.5.8; 6.1)<\/code><\/p>\n\n\n\n<p><strong>\u00a1REPITE, ASIMILA, VIVE LA PALABRA!   REPITE, DURANTE TODA LA SEMANA, UNA Y OTRA VEZ:<\/strong><\/p>\n\n\n\n<p><sub><em>{inspirando}<\/em><\/sub><mark style=\"background-color:rgba(0, 0, 0, 0)\" class=\"has-inline-color has-luminous-vivid-amber-color\"><sub> <\/sub><em><strong>\u00a1Aleluya, aleluya!<\/strong><\/em> <\/mark><em><sub>{espirando}<\/sub><\/em><strong><mark style=\"background-color:rgba(0, 0, 0, 0)\" class=\"has-inline-color has-luminous-vivid-amber-color\"> <em>\u00a1Aleluya!<\/em><\/mark><\/strong><\/p>\n\n\n\n<p>o     <sub> <em>{inspirando}<\/em><\/sub><em><strong><mark style=\"background-color:rgba(0, 0, 0, 0)\" class=\"has-inline-color has-luminous-vivid-amber-color\">\u00a1\u00c9ste es el d\u00eda que hizo el Se\u00f1or!<\/mark><\/strong><\/em> <em><sub>{espirando}<\/sub>\u00a1<strong><mark style=\"background-color:rgba(0, 0, 0, 0)\" class=\"has-inline-color has-luminous-vivid-amber-color\">Alegr\u00e9monos y gocemos en \u00e9l!<\/mark><\/strong><\/em><\/p>\n\n\n\n<ul class=\"wp-block-list\">\n<li>En todas las festividades m\u00e1s significativas y alegres del antiguo juda\u00edsmo, especialmente en la celebraci\u00f3n de la Pascua, <strong>se cantaba la secuencia de salmos que va del 112 al 117.<\/strong><\/li>\n\n\n\n<li>En este momento parece que <strong>la procesi\u00f3n llega a la meta<\/strong> evocada por el salmista mediante la imagen de la puerta de la justicia (v. 19), es decir, la puerta santa del templo de Si\u00f3n. La procesi\u00f3n acompa\u00f1a al h\u00e9roe al que Dios ha dado la victoria. Pide que se le abran las puertas, para poder dar gracias al Se\u00f1or (v. 19). Con \u00e9l entran los justos (v. 20). Para expresar la dura prueba que ha superado y la glorificaci\u00f3n que ha tenido como consecuencia, se compara a s\u00ed mismo a la piedra que desecharon los arquitectos, transformada luego en la piedra angular (v. 22). <em>Cristo utilizar\u00e1 precisamente esta imagen y este vers\u00edculo, al final de la par\u00e1bola de los vi\u00f1adores homicidas, para anunciar su pasi\u00f3n y su glorificaci\u00f3n<\/em> (leer Mt 21, 42).<\/li>\n\n\n\n<li>Aplic\u00e1ndose el salmo a s\u00ed mismo, Cristo abre el camino a una interpretaci\u00f3n cristiana de este <strong>himno de confianza y de acci\u00f3n de gracias al Se\u00f1or<\/strong> por su hesed, es decir, por su fidelidad amorosa, que se refleja en todo el salmo <sub>(Sal 117, 1. 2. 3. 4. 29).<\/sub><br>Los s\u00edmbolos adoptados por los Padres de la Iglesia son dos. Ante todo, el de \u00ab<strong>PUERTA<\/strong> de la justicia\u00bb, que san Clemente Romano, en su Carta a los Corintios, comentaba as\u00ed: \u00abSiendo muchas las puertas que est\u00e1n abiertas, esta es la puerta de la justicia, a saber: la que se abre en Cristo. Bienaventurados todos los que por ella entraren y enderezaren sus pasos en santidad y justicia, cumpliendo todas las cosas sin perturbaci\u00f3n\u00bb <sub>(48, 4: Padres Apost\u00f3licos, BAC, Madrid 1993, p. 222).<\/sub><\/li>\n\n\n\n<li>El otro s\u00edmbolo, unido al anterior, es precisamente el de la<strong> PIEDRA<\/strong> En nuestra meditaci\u00f3n sobre este punto nos dejaremos guiar por san Ambrosio, el cual, en su Exposici\u00f3n sobre el evangelio seg\u00fan san Lucas, comentando la profesi\u00f3n de fe de Pedro en Cesar\u00e9a de Filipo, recuerda que \u00abCristo es la piedra\u00bb y que \u00abtambi\u00e9n a su disc\u00edpulo Cristo le otorg\u00f3 este hermoso nombre, de modo que tambi\u00e9n \u00e9l sea Pedro, para que de la piedra le venga la solidez de la perseverancia, la firmeza de la fe\u00bb.<br><em>San Ambrosio introduce entonces la exhortaci\u00f3n:<\/em><\/li>\n\n\n\n<li><sub>Esfu\u00e9rzate por ser t\u00fa tambi\u00e9n piedra. Pero para ello no busques fuera de ti, sino en tu interior, la piedra. Tu piedra son tus acciones; tu piedra es tu pensamiento. Sobre esta piedra se construye tu casa, para que no sea zarandeada por ninguna tempestad de los esp\u00edritus del mal. Si eres piedra, estar\u00e1s dentro de la Iglesia, porque la Iglesia est\u00e1 asentada sobre piedra. Si est\u00e1s dentro de la Iglesia, las puertas del infierno no prevalecer\u00e1n contra ti\u00bb (6, 97-99: Opere esegetiche IX\/II, Mil\u00e1n-Roma 1978, p. 85) .<\/sub><\/li>\n<\/ul>\n\n\n\n<hr class=\"wp-block-separator has-alpha-channel-opacity\"\/>\n\n\n\n<h2 class=\"wp-block-heading\"><strong><mark style=\"background-color:#ffffff\" class=\"has-inline-color has-vivid-red-color\">ORACIONES S\u00c1LMICAS<\/mark><\/strong><\/h2>\n\n\n\n<div class=\"wp-block-group\"><div class=\"wp-block-group__inner-container is-layout-constrained wp-block-group-is-layout-constrained\">\n<p><strong><sup>D<\/sup><\/strong>ios, en extremo bueno, consolador en las dificultades; t\u00fa que inundas de <em>alegr\u00eda las carpas de los justos<\/em>\u00a0 <sub>(v.15),<\/sub> glorifica a tu Iglesia con el <em>poder de tu diestra<\/em><sub> (v. 16),<\/sub> que ella pueda convertirse en <em>puerta<\/em> <em>de<\/em> <em>justicia<\/em> (v. 19) que se re\u00fane en asamblea cimentada sobre la <em>piedra<\/em> <em>angular<\/em> <sub>(v. 22),<\/sub> de manera que en ella brille la luz de la resurrecci\u00f3n<sub> (Oraci\u00f3n romana).<\/sub><\/p>\n\n\n\n<p><strong><sup>C<\/sup><\/strong>on toda justicia el combate espiritual nos convoca a <em>proclamarnos<\/em> <sub>(= <em>confesarnos<\/em>; v. 1) <\/sub>cristianos, a fin de conducirnos de las realidades terrenas a las realidades celestiales. Dios, Padre todopoderosos, te pedimos nos concedas proclamar con el mismo esp\u00edritu que el profeta [David]: <em>este es el d\u00eda que hizo el Se\u00f1or, pas\u00e9moslo inundados de gozo y de alegr\u00eda <\/em><sub>(v. 4) (Oraci\u00f3n africana).<\/sub><\/p>\n\n\n\n<p><strong><sup>Q<\/sup><\/strong>ue tu <em>justicia<\/em> nos abra de par en par las <em>puertas<\/em> <em>de<\/em> <em>justicia<\/em> <sub>(v.19),<\/sub> para que <em>entremos<\/em> por ellas <sub>(v. 20), <\/sub>gracias al conocimiento de la fe, y que sirvi\u00e9ndote fielmente recibamos la recompensa. De este modo tendremos como <em>puerta<\/em> <sub>(v. 20)<\/sub> y como patria a Cristo el Se\u00f1or, ya que\u00a0 a trav\u00e9s suyo se nos concede\u00a0 <em>entrada<\/em><sub> (v. 19)<\/sub> y acceso a la <em>salvaci\u00f3n<\/em><sub> (v. 15). (Oraci\u00f3n espa\u00f1ola)<\/sub><\/p>\n\n\n\n<h2 class=\"wp-block-heading\">extracto de la <strong>\u00abRumia\u00bb <\/strong>de + <a href=\"https:\/\/www.surco.org\/sites\/default\/files\/cuadmon\/disponible_no\/cuadernos-monasticos-197-2958.pdf\">Max Alexander<\/a> <strong><em>que se env\u00eda completa por mail junto con el<\/em><\/strong> env\u00edo LyED: Liturgia y Espiritualidad Dominical<em><strong> y pod\u00e9s solicitar enviando un<\/strong><\/em> email a : <a href=\"climente@iglesiamdp.org.ar\">climente@iglesiamdp.org.ar <\/a>  y<em><strong> ser\u00e1s suscrito a un env\u00edo semanal por google groups. <\/strong><\/em><\/h2>\n<\/div><\/div>\n\n\n\n<h2 class=\"wp-block-heading\"><mark style=\"background-color:#ffffff\" class=\"has-inline-color\"><a href=\"https:\/\/www.dropbox.com\/s\/u6j7hg4or23r49i\/Salmo%20117%20%20%20pascua%20rumia.doc?dl=0\" data-type=\"link\" data-id=\"https:\/\/www.dropbox.com\/s\/u6j7hg4or23r49i\/Salmo%20117%20%20%20pascua%20rumia.doc?dl=0\">Rumia completa<\/a>: <\/mark><strong><sup>de <a href=\"https:\/\/www.surco.org\/sites\/default\/files\/cuadmon\/disponible_no\/cuadernos-monasticos-197-2958.pdf\">+Max Alexander<\/a><\/sup><\/strong><\/h2>\n\n\n\n<h2 class=\"wp-block-heading\"><mark style=\"background-color:#ffffff\" class=\"has-inline-color has-vivid-red-color\">AUDIO<\/mark><\/h2>\n\n\n\n<ul class=\"wp-block-list\">\n<li><a href=\"https:\/\/grupopueblodedios.org\/gpdmusica\/mp3\/Salmo117.mp3\">A<em>udio<\/em> <\/a> <strong><sub>MP3 EN LA PAGINA DEL GRUPO PUEBLO DE DIOS<\/sub><\/strong><br><strong><sub><mark style=\"background-color:rgba(0, 0, 0, 0)\" class=\"has-inline-color has-vivid-red-color\">You Tube<\/mark><\/sub><\/strong><br><em><strong>Grabado por el P. Catena para la colecci\u00f3n Cantemos hermanos con amor , <a href=\"https:\/\/youtu.be\/KwKltzQCV_Q?si=52VPM2Kliz6ELdFu\">Canal de ricardo Ferreyra<\/a><\/strong><\/em><br><\/li>\n\n\n\n<li><em>Grabado el la colecci\u00f3n Los Salmo del Pueblo de Dios<br>en el album 2 &#8211;<a href=\"https:\/\/youtu.be\/f9P0WMfldvA?si=r8MQkuJlm9TXWCZQ\"> Desde la Aurora te Busco<\/a><\/em><br><\/li>\n\n\n\n<li><sub><mark style=\"background-color:rgba(0, 0, 0, 0)\" class=\"has-inline-color has-vivid-green-cyan-color\"><strong><a href=\"https:\/\/open.spotify.com\/intl-es\/track\/2HiBPrW2VzsoKiBcJmMhvs?si=de011a0e5648438d\">Spotify<\/a><\/strong><\/mark><\/sub>   <em>colecci\u00f3n Los Salmos del Pueblo de Dios<\/em><\/li>\n<\/ul>\n\n\n\n<h2 class=\"wp-block-heading\"><mark style=\"background-color:#ffffff\" class=\"has-inline-color has-vivid-red-color\">MUSICA<\/mark><\/h2>\n\n\n\n<ul class=\"wp-block-list\">\n<li><mark style=\"background-color:rgba(0, 0, 0, 0)\" class=\"has-inline-color has-vivid-green-cyan-color\">Partitura <a href=\"https:\/\/grupopueblodedios.org\/gpdmusica\/pdf\/salmo117.pdf\">con los acordes para la guitarra<\/a><\/mark><\/li>\n\n\n\n<li><em><mark style=\"background-color:rgba(0, 0, 0, 0)\" class=\"has-inline-color has-vivid-green-cyan-color\">Partitura<\/mark> <a href=\"https:\/\/www.dropbox.com\/s\/jju3mwbkw29y9gl\/salmo%20117%20organo.jpg?dl=0\" data-type=\"link\" data-id=\"https:\/\/www.dropbox.com\/s\/jju3mwbkw29y9gl\/salmo%20117%20organo.jpg?dl=0\">para \u00f3rgano<\/a><\/em><\/li>\n<\/ul>\n\n\n\n<h2 class=\"wp-block-heading\"><mark style=\"background-color:#ffffff\" class=\"has-inline-color has-luminous-vivid-amber-color\">Traducci\u00f3n <\/mark><strong><sub>de Armando Levoratti y Osvaldo Catena para Orando con los salmos y 72 Salmos para Cantar<\/sub><\/strong><\/h2>\n\n\n\n<div class=\"wp-block-group is-vertical is-layout-flex wp-container-core-group-is-layout-8cf370e7 wp-block-group-is-layout-flex\">\n<div class=\"wp-block-group\"><div class=\"wp-block-group__inner-container is-layout-constrained wp-block-group-is-layout-constrained\">\n<div class=\"wp-block-group is-vertical is-layout-flex wp-container-core-group-is-layout-8cf370e7 wp-block-group-is-layout-flex\">\n<p><strong>1. <\/strong>Que lo diga la familia de Israel:<\/p>\n\n\n\n<p>es eterno su amor;<\/p>\n\n\n\n<p>que lo diga la familia de Aar\u00f3n:<\/p>\n\n\n\n<p>es eterno su amor;<\/p>\n\n\n\n<p>que lo repitan los fieles del Se\u00f1or:<\/p>\n\n\n\n<p>es eterno su amor.<\/p>\n<\/div>\n\n\n\n<div class=\"wp-block-group is-vertical is-layout-flex wp-container-core-group-is-layout-8cf370e7 wp-block-group-is-layout-flex\">\n<p><strong>2.<\/strong> En el peligro invoqu\u00e9 al Se\u00f1or,<\/p>\n\n\n\n<p>\u00c9l me escuch\u00f3 y me salv\u00f3;<\/p>\n\n\n\n<p>el Se\u00f1or est\u00e1 conmigo, nada temo<\/p>\n\n\n\n<p>\u00bfqui\u00e9n podr\u00e1 contra m\u00ed?<\/p>\n\n\n\n<p>El Se\u00f1or est\u00e1 conmigo y me socorre,<\/p>\n\n\n\n<p>triunfar\u00e9 del enemigo.<\/p>\n<\/div>\n\n\n\n<div class=\"wp-block-group is-vertical is-content-justification-center is-layout-flex wp-container-core-group-is-layout-4b2eccd6 wp-block-group-is-layout-flex\">\n<p><strong>3.<\/strong>&nbsp; Es mejor confiar en el Se\u00f1or<\/p>\n\n\n\n<p>que fiarse de los hombres;<\/p>\n\n\n\n<p><em>(omitir versos C y D)<\/em><\/p>\n\n\n\n<p>es mejor confiar en el Se\u00f1or<\/p>\n\n\n\n<p>que fiarse de los grandes.<\/p>\n<\/div>\n\n\n\n<div class=\"wp-block-group is-vertical is-layout-flex wp-container-core-group-is-layout-8cf370e7 wp-block-group-is-layout-flex\">\n<p><strong>4.<\/strong> Los pueblos enemigos me cercaban,<\/p>\n\n\n\n<p>con el Se\u00f1or los derrot\u00e9;<\/p>\n\n\n\n<p>me rodeaban por todos los costados,<\/p>\n\n\n\n<p>con el Se\u00f1or los derrot\u00e9;<\/p>\n\n\n\n<p>me rodeaban como enjambres de abejas,<\/p>\n\n\n\n<p>con el Se\u00f1or los derrot\u00e9.<\/p>\n<\/div>\n\n\n\n<div class=\"wp-block-group is-vertical is-layout-flex wp-container-core-group-is-layout-8cf370e7 wp-block-group-is-layout-flex\">\n<p><strong>5.<\/strong> Ard\u00edan como fuego entre malezas,<\/p>\n\n\n\n<p>con el Se\u00f1or los derrot\u00e9;<\/p>\n\n\n\n<p>me empujaban para hacerme caer,<\/p>\n\n\n\n<p>pero el Se\u00f1or me libr\u00f3;<\/p>\n\n\n\n<p>el Se\u00f1or es mi fuerza y mi sost\u00e9n,<\/p>\n\n\n\n<p>\u00a1\u00c9l es mi salvador!<\/p>\n<\/div>\n\n\n\n<div class=\"wp-block-group is-vertical is-layout-flex wp-container-core-group-is-layout-8cf370e7 wp-block-group-is-layout-flex\">\n<p><strong>6.<\/strong> Escuchen, se oyen cantos de victoria<\/p>\n\n\n\n<p>en el pueblo de Dios:<\/p>\n\n\n\n<p>\u201cel poder del Se\u00f1or hizo proezas,<\/p>\n\n\n\n<p>su mano nos salv\u00f3:<\/p>\n\n\n\n<p>nos castig\u00f3 duramente el Se\u00f1or<\/p>\n\n\n\n<p>pero no con la muerte.\u201d<\/p>\n<\/div>\n\n\n\n<div class=\"wp-block-group is-vertical is-layout-flex wp-container-core-group-is-layout-8cf370e7 wp-block-group-is-layout-flex\">\n<p><strong>7.<\/strong>&nbsp; No, no morir\u00e9, vivir\u00e9<\/p>\n\n\n\n<p>para contar sus haza\u00f1as;<\/p>\n\n\n\n<p>que me abran la puertas del santuario<\/p>\n\n\n\n<p>entrar\u00e9 a darle gracias:<\/p>\n\n\n\n<p>\u201cTe doy gracias, Se\u00f1or, porque me o\u00edste<\/p>\n\n\n\n<p>y fuiste mi salvador!\u201d<\/p>\n<\/div>\n\n\n\n<div class=\"wp-block-group is-vertical is-layout-flex wp-container-core-group-is-layout-68afab4e wp-block-group-is-layout-flex\">\n<p><strong>8. <\/strong>La piedra que rechazaron los arquitectos<\/p>\n\n\n\n<p>ahora es la principal;<\/p>\n\n\n\n<p>\u00e9sta es la obra del Se\u00f1or,<\/p>\n\n\n\n<p>admirable a nuestros ojos;<\/p>\n\n\n\n<p>\u00e9ste es el d\u00eda que hizo el Se\u00f1or<\/p>\n\n\n\n<p>alegr\u00e9monos en \u00e9l.<\/p>\n<\/div>\n<\/div><\/div>\n<\/div>\n\n\n\n<p><strong><mark style=\"background-color:#ffffff\" class=\"has-inline-color has-luminous-vivid-amber-color\">En la gran fiesta del pueblo de Dios, celebramos la liberaci\u00f3n que El nos ha dado. El servidor de Dios, Jes\u00fas, habiendo parecido y muerto en la cruz, vive y reina para siempre. Hoy, Cristo resucitado, junto con su Iglesia, canta su acci\u00f3n de gracias pascual por este d\u00eda que hizo el Se\u00f1or. \u00a1Alegr\u00e9monos y cantemos, porque es eterno su amor!<\/mark><\/strong><mark style=\"background-color:#ffffff\" class=\"has-inline-color\"> <\/mark> <sub>Osvaldo Catena en \u00abOrando con los Salmos\u00bb<\/sub><\/p>\n\n\n\n<p><\/p>\n","protected":false},"excerpt":{"rendered":"<p>En la gran fiesta del pueblo de Dios, celebramos la liberaci\u00f3n que El nos ha dado. El servidor de Dios, Jes\u00fas, habiendo parecido y muerto en la cruz, vive y reina para siempre. Hoy, Cristo resucitado, junto con su Iglesia, canta su acci\u00f3n de gracias pascual por este d\u00eda que hizo el Se\u00f1or. \u00a1Alegr\u00e9monos y cantemos, porque es eterno su amor! <\/p>\n","protected":false},"author":3,"featured_media":295,"comment_status":"open","ping_status":"open","sticky":false,"template":"","format":"standard","meta":{"footnotes":""},"categories":[13],"tags":[],"class_list":["post-294","post","type-post","status-publish","format-standard","has-post-thumbnail","hentry","category-salmo-dominical"],"_links":{"self":[{"href":"https:\/\/grupopueblodedios.org\/liturgiasemanal\/wp-json\/wp\/v2\/posts\/294","targetHints":{"allow":["GET"]}}],"collection":[{"href":"https:\/\/grupopueblodedios.org\/liturgiasemanal\/wp-json\/wp\/v2\/posts"}],"about":[{"href":"https:\/\/grupopueblodedios.org\/liturgiasemanal\/wp-json\/wp\/v2\/types\/post"}],"author":[{"embeddable":true,"href":"https:\/\/grupopueblodedios.org\/liturgiasemanal\/wp-json\/wp\/v2\/users\/3"}],"replies":[{"embeddable":true,"href":"https:\/\/grupopueblodedios.org\/liturgiasemanal\/wp-json\/wp\/v2\/comments?post=294"}],"version-history":[{"count":2,"href":"https:\/\/grupopueblodedios.org\/liturgiasemanal\/wp-json\/wp\/v2\/posts\/294\/revisions"}],"predecessor-version":[{"id":297,"href":"https:\/\/grupopueblodedios.org\/liturgiasemanal\/wp-json\/wp\/v2\/posts\/294\/revisions\/297"}],"wp:featuredmedia":[{"embeddable":true,"href":"https:\/\/grupopueblodedios.org\/liturgiasemanal\/wp-json\/wp\/v2\/media\/295"}],"wp:attachment":[{"href":"https:\/\/grupopueblodedios.org\/liturgiasemanal\/wp-json\/wp\/v2\/media?parent=294"}],"wp:term":[{"taxonomy":"category","embeddable":true,"href":"https:\/\/grupopueblodedios.org\/liturgiasemanal\/wp-json\/wp\/v2\/categories?post=294"},{"taxonomy":"post_tag","embeddable":true,"href":"https:\/\/grupopueblodedios.org\/liturgiasemanal\/wp-json\/wp\/v2\/tags?post=294"}],"curies":[{"name":"wp","href":"https:\/\/api.w.org\/{rel}","templated":true}]}}