{"id":505,"date":"2025-06-03T01:13:28","date_gmt":"2025-06-03T01:13:28","guid":{"rendered":"https:\/\/grupopueblodedios.org\/liturgiasemanal\/?p=505"},"modified":"2025-06-03T01:16:54","modified_gmt":"2025-06-03T01:16:54","slug":"letra-y-espiritu","status":"publish","type":"post","link":"https:\/\/grupopueblodedios.org\/liturgiasemanal\/letra-y-espiritu\/","title":{"rendered":"LETRA Y ESP\u00cdRITU"},"content":{"rendered":"\n<div class=\"wp-block-group is-vertical is-content-justification-center is-layout-flex wp-container-core-group-is-layout-4b2eccd6 wp-block-group-is-layout-flex\">\n<p>Homil\u00eda del Padre Rafael Tello en la misa de la Vigilia de Pentecost\u00e9s de 1976 Junio<\/p>\n\n\n\n<p>(Noche de oraci\u00f3n juvenil)<\/p>\n<\/div>\n\n\n\n<p><strong>Comienza este d\u00eda de Pentecost\u00e9s, el d\u00eda en que el Se\u00f1or derram\u00f3 su Esp\u00edritu sobre todos los hombres. Y tambi\u00e9n lo ha derramado en su Pueblo, en su Iglesia. Y lo ha derramado sobre nosotros.<\/strong><\/p>\n\n\n\n<div class=\"wp-block-group is-vertical is-content-justification-stretch is-layout-flex wp-container-core-group-is-layout-b16ad781 wp-block-group-is-layout-flex\">\n<p>Miren, la vida cristiana es una vida con una exigencia, con una fuerza, que parece absurda.<\/p>\n\n\n\n<p>\u00bfUstedes creen que Dios existe? No lo han visto, pero creen. \u00bfCreen que Cristo resucit\u00f3? No lo han visto. Pero, porque la Escritura lo afirma y los ap\u00f3stoles dan testimonio, saben que Cristo resucit\u00f3. Del mismo modo, con la misma fuerza, la Escritura nos ense\u00f1a que Dios derram\u00f3 su Esp\u00edritu sobre nosotros.<\/p>\n\n\n\n<p>Yo s\u00e9 que soy indigno y que soy pecador, pero s\u00e9 con certeza, sin duda, que Dios derram\u00f3 su Esp\u00edritu sobre m\u00ed. Y si dijera que no, o si dudara, ser\u00eda mentiroso, porque me consta, s\u00e9, con la misma certeza de la fe, que Dios derram\u00f3 \u2013y derramar es volcar\u2013 derram\u00f3 su Esp\u00edritu sobre m\u00ed. Y as\u00ed, cada uno de ustedes tiene que saberlo. Es un don de Dios y es una tremenda responsabilidad. Pero Dios, que dio su Esp\u00edritu a su pueblo, tambi\u00e9n, por la fe y por el Bautismo, los ha llenado de su Esp\u00edritu Santo.<\/p>\n\n\n\n<p>La fe no admite vacilaci\u00f3n. Yo no puedo dudar de que Cristo venci\u00f3 al pecado y a la muerte. Es una infidelidad. Yo no puedo dudar que Dios me ha dado su Esp\u00edritu, su amor, su fuerza. Y dudarlo ser\u00eda tambi\u00e9n un pecado. La vida cristiana es radical. Si creo, tengo que creer hasta el final. S\u00e9 que tengo la fuerza de Dios y si no, no soy cristiano.<\/p>\n\n\n\n<p>\u00bfUstedes creen? \u00bfSe animan a decir, con fuerza: \u00ab\u00a1S\u00ed, creo!\u00bb? Si se animan, \u00a1d\u00edganlo! (\u00ab\u00a1S\u00ed, creo!\u00bb) Bueno, esto hay que traducirlo en la vida.<\/p>\n<\/div>\n\n\n\n<p class=\"has-small-font-size\">Es cierto que Dios ha dado su Esp\u00edritu. Creo que hay muchas razones. Mar\u00eda estuvo llena del Esp\u00edritu de Dios. El Esp\u00edritu la cubri\u00f3 con su sombra, y engendr\u00f3 a Cristo. Y Cristo recibi\u00f3 el Esp\u00edritu sin medida dice San Juan (ver Jn 1, 32-34; 3, 34). Pero Mar\u00eda es nuestra Madre. Mar\u00eda nos ama. Mar\u00eda, cubierta con la sombra del Esp\u00edritu Santo nos engendra tambi\u00e9n a nosotros. Yo soy hijo de la Virgen Mar\u00eda. Y ustedes, cada uno \u2013porque al pie de la cruz nos engendr\u00f3\u2013 son hijos de la Virgen Mar\u00eda. Y si Mar\u00eda nos am\u00f3 con amor de madre y nos engendra como hijos de Dios, Mar\u00eda tambi\u00e9n, con su oraci\u00f3n, nos da el Esp\u00edritu de Dios.<\/p>\n\n\n\n<p class=\"has-small-font-size\">\u00bfVen? Las mujeres, especialmente, que est\u00e1n ac\u00e1, tendr\u00edan que aprenderlo muy bien esto: Mar\u00eda am\u00f3, y amando fue madre. No hizo nada. Despu\u00e9s de Pentecost\u00e9s, nada. Pero am\u00f3. Y por el amor, fue madre y engendr\u00f3. Y por el amor, comunic\u00f3 el Esp\u00edritu de su Hijo. El amor de Mar\u00eda hace que tambi\u00e9n Dios derrame con m\u00e1s abundancia su Esp\u00edritu sobre nosotros.<\/p>\n\n\n\n<p>Yo creo que tambi\u00e9n hay otro hecho. No se ve ahora, pero creo que ser va a ver, no muy lejos.<\/p>\n\n\n\n<p>El Se\u00f1or, en el Evangelio, les promete a sus disc\u00edpulos que ser\u00e1n perseguidos, que ser\u00e1n llevados a los tribunales, que ser\u00e1n muertos, para dar testimonio de \u00e9l (ver Mt 10, 16-25; Mc 13, 9-10; Lc 21, 12-13; Jn 15, 20-21. 27; 16, 1-4).<\/p>\n\n\n\n<p>La Iglesia argentina tambi\u00e9n tendr\u00e1 que fundarse en la sangre de m\u00e1rtires. Y cuando alguno de los que est\u00e1n ac\u00e1 tenga que dar su sangre por Cristo \u2013y la dar\u00e1\u2013 sepan que fue porque recibi\u00f3 el Esp\u00edritu de Dios.<\/p>\n\n\n\n<p>El Esp\u00edritu ha sido derramado sobre la Iglesia. Y con ese Esp\u00edritu que Dios ha derramado sobre su pueblo, que tambi\u00e9n nosotros hemos recibido, con ese Esp\u00edritu tenemos que vivir para Dios.<\/p>\n\n\n\n<p>\u00bfPor qu\u00e9 digo esto? El amor de Dios, dice santo Tom\u00e1s, no le permiti\u00f3 quedar solo. El amor de Dios lo oblig\u00f3 a buscar en los hombres colaboradores. As\u00ed como es cierto que nosotros completamos lo que falta a la pasi\u00f3n de Cristo para la redenci\u00f3n de los hombres (ver Col 1, 24), as\u00ed tambi\u00e9n es cierto que nosotros tenemos que, por la fuerza del Esp\u00edritu, edificar el Cuerpo de Cristo, la Iglesia de Cristo.<\/p>\n\n\n\n<p>\u00a1Qu\u00e9 poca fuerza tenemos para eso! Pero el Se\u00f1or, en el Evangelio, es muy clarito: \u00abSi alguno cree, que venga a M\u00ed y beba. Porque de mis entra\u00f1as manar\u00e1n torrentes de agua viva\u00bb (ver Jn 7, 37-38).<\/p>\n\n\n\n<p class=\"has-small-font-size\">Si alguno cree, que venga a M\u00ed y beba&#8230; Bebe el que tiene sed. Nosotros hoy, ac\u00e1 en la misa, vamos a comer el Cuerpo de Cristo y a beber su Sangre. Y Cristo es la fuente del Esp\u00edritu. De su seno, de sus entra\u00f1as, manar\u00e1n torrentes, r\u00edos de agua viva. Y esto lo dec\u00eda por el Esp\u00edritu que hab\u00edan de recibir (ver Jn 7, 39).<\/p>\n\n\n\n<p class=\"has-small-font-size\">Tenemos que construir la Iglesia. Y para eso, Cristo nos invita: \u00abSi alguno cree, venga y beba\u00bb. Tenemos que tener fe y beber de Cristo, para recibir el Esp\u00edritu y as\u00ed cumplir con la misi\u00f3n, con lo que el mismo Esp\u00edritu nos ha encomendado en la Iglesia.<\/p>\n\n\n\n<p class=\"has-small-font-size\">\u00bfQu\u00e9 es esto que el Esp\u00edritu nos ha encomendado? El Esp\u00edritu construye la unidad. El Esp\u00edritu es el que re\u00fane a los hijos de Dios dispersos en la unidad de un \u00fanico cuerpo. Nosotros hemos recibido el Esp\u00edritu y tenemos que construir la unidad. La unidad del Pueblo de Dios. La unidad del Cuerpo de Cristo.<\/p>\n\n\n\n<p class=\"has-small-font-size\">Y esto me parece que toma sentidos muy concretos. \u00bfPor qu\u00e9 ha sido posible esta noche? Porque nos hemos reunido. Porque ustedes se han reunido: muchas parroquias, muchos movimientos juveniles, muchas organizaciones, distintas di\u00f3cesis. Pero, porque hemos dejado un poco de lado el individualismo que nos separa, nos reunimos. Y porque quisimos reunirnos, porque hubo una voluntad de uni\u00f3n, esta noche fue posible. Y esto es don de Dios. Es un regalo de Dios. Y los dones de Dios no son para que pasen, no son para dejarlos morir. Los dones de Dios son siempre una responsabilidad.<\/p>\n\n\n\n<p>El Esp\u00edritu de Dios ha venido sobre nosotros\u2026 \u00bfpara qu\u00e9? Para que nos unamos, y nos unamos cada vez m\u00e1s. Ahora es Buenos Aires, Gran Buenos Aires, que aprende a unirse. No basta. No basta. Todo el pa\u00eds, toda la naci\u00f3n, y el d\u00eda de ma\u00f1ana todo el Continente tiene que unirse. Y ustedes, los j\u00f3venes, son los que tienen que hacer eso, por la fuerza y por la virtud del Esp\u00edritu. Son ustedes \u2013los que han comenzado\u2013 los que tienen que llevar la obra a t\u00e9rmino. Unir, unirse ustedes, para unir el d\u00eda de ma\u00f1ana a todo el pueblo. Unirse en alegr\u00eda, en gozo, en entusiasmo, y en la esperanza firme de que un d\u00eda ser\u00e1 realidad la obra que el Esp\u00edritu ha comenzado.<\/p>\n\n\n\n<p>La fidelidad al Esp\u00edritu yo la veo as\u00ed, para ustedes, en dos l\u00edneas, como en dos grandes canales que se abren, as\u00ed en la vida.<\/p>\n\n\n\n<p>El Esp\u00edritu nos ense\u00f1a a conocer a Dios. Conocer a Dios es amarlo, porque no se lo conoce si no se lo ama: es am\u00e1ndolo como se lo conoce.<\/p>\n\n\n\n<p>Yo creo que el Esp\u00edritu llama, y los llama a ustedes a una entrega. A una entrega a Dios, a una entrega a conocer a Dios, a una entrega en el conocer. Un conocer enamorado, un conocer que se da, un darse que no tiene l\u00edmites.<\/p>\n\n\n\n<p>Yo ya soy viejo, y les puedo decir \u2013tal vez por eso mismo\u2013, en las cosas de Dios jam\u00e1s se llega a t\u00e9rmino: cuanto m\u00e1s se da, un horizonte m\u00e1s amplio se abre. Cuanto m\u00e1s se entrega, m\u00e1s campo queda para entregarse. Cuanto m\u00e1s se abre uno, en un vaciarse en Dios, tanto m\u00e1s crece la luz y el horizonte.<\/p>\n\n\n\n<p>\u00bfVen? La vida entregada a Dios es un v\u00e9rtigo sin fin. Lo que nos retiene es el ego\u00edsmo, el inter\u00e9s, el temor, o la falta de fe y de confianza.<\/p>\n\n\n\n<p>Dios les ha dado el Esp\u00edritu. Crean. Y entr\u00e9guense. Y no se van a arrepentir. Pero entr\u00e9guense hasta el fondo, sin reservas, sin temores. \u00abEl que pierde la vida por m\u00ed, la encontrar\u00e1 \u2013dice el Se\u00f1or\u2013; el que quiere guardarla la perder\u00e1\u00bb (ver Mt 10, 39; Mc 8, 35; Lc 9, 24; 17, 33; Jn 12, 25).<\/p>\n\n\n\n<p>Han recibido el Esp\u00edritu de Dios, que es el amor de Dios. Crean y entr\u00e9guense. Recuerden aquella expresi\u00f3n de San Agust\u00edn en las Confesiones. O\u00eda una voz que le dec\u00eda: \u00abSalta, salta, no caer\u00e1s en el vac\u00edo. Hay unos brazos que te esperan\u00bb. Salten, salten, no van a caer en el vac\u00edo, hay unos brazos que los esperan. Entr\u00e9guense, dense sin l\u00edmites.<\/p>\n\n\n\n<p>Dios es Luz y es Amor (ver 1Jn 1, 5; 4, Han recibido el Esp\u00edritu para que trabajen. Denle el tiempo, la preocupaci\u00f3n, la actividad.<\/p>\n\n\n\n<p>Y esto que se ha comenzado \u2013que comenz\u00f3 el a\u00f1o pasado con la Peregrinaci\u00f3n a Luj\u00e1n\u2013, esto ustedes tienen que hacerlo crecer, pero mucho m\u00e1s. Setenta mil muchachos es muy poco. Mucho m\u00e1s. No digo con exageraci\u00f3n. Es muy poco. \u00abA nosotros y al Esp\u00edritu Santo nos ha parecido\u00bb, dec\u00edan los ap\u00f3stoles (ver Hech 15, 28). Ustedes y el Esp\u00edritu Santo pueden mucho m\u00e1s.<\/p>\n\n\n\n<p>Yo quisiera que en este d\u00eda de Pentecost\u00e9s nazca, por la obra del Esp\u00edritu de Dios, un esp\u00edritu nuevo en ustedes. Que comprendan y que sepan que es posible. \u00abLos campos est\u00e1n blancos para la siega\u00bb, dec\u00eda el Se\u00f1or (Jn 4, 35). Sepan que es posible.<\/p>\n\n\n\n<p>Y creyendo en la fuerza de Dios, l\u00e1ncense, que es mucho m\u00e1s de lo que se ha hecho lo que nos espera.<\/p>\n\n\n\n<p>Hemos pasado la noche en vigilia. Y sabemos por la fe \u2013que es el conocimiento m\u00e1s cierto\u2013 que Dios nos ha dado su Esp\u00edritu. El Esp\u00edritu es el amor de Dios. Y porque es el amor de Dios, el Esp\u00edritu es la fuerza, el poder de Dios.<\/p>\n\n\n\n<p>Dios nos ha dado su Esp\u00edritu. Dios nos ha dado todo: nos ha dado su amor y nos ha dado sus fuerzas. Creamos en lo que hemos recibido.<\/p>\n\n\n\n<blockquote class=\"wp-block-quote is-layout-flow wp-block-quote-is-layout-flow\">\n<p>Padre Rafael Tello<\/p>\n<\/blockquote>\n","protected":false},"excerpt":{"rendered":"<p>Homil\u00eda del Padre Rafael Tello en la misa de la Vigilia de Pentecost\u00e9s de 1976 Junio (Noche de oraci\u00f3n juvenil) Comienza este d\u00eda de Pentecost\u00e9s, el d\u00eda en que el Se\u00f1or derram\u00f3 su Esp\u00edritu sobre todos los hombres. Y tambi\u00e9n lo ha derramado en su Pueblo, en su Iglesia. Y lo ha derramado sobre nosotros. Miren, la vida cristiana es una vida con una exigencia, con una fuerza, que parece absurda. \u00bfUstedes creen que Dios existe? No lo han visto,&#8230;<\/p>\n<p class=\"read-more\"><a class=\"btn btn-default\" href=\"https:\/\/grupopueblodedios.org\/liturgiasemanal\/letra-y-espiritu\/\"> Leer m\u00e1s<span class=\"screen-reader-text\">  Leer m\u00e1s<\/span><\/a><\/p>\n","protected":false},"author":3,"featured_media":506,"comment_status":"open","ping_status":"open","sticky":false,"template":"","format":"standard","meta":{"footnotes":""},"categories":[15],"tags":[],"class_list":["post-505","post","type-post","status-publish","format-standard","has-post-thumbnail","hentry","category-piedad-popular-y-liturgia"],"_links":{"self":[{"href":"https:\/\/grupopueblodedios.org\/liturgiasemanal\/wp-json\/wp\/v2\/posts\/505","targetHints":{"allow":["GET"]}}],"collection":[{"href":"https:\/\/grupopueblodedios.org\/liturgiasemanal\/wp-json\/wp\/v2\/posts"}],"about":[{"href":"https:\/\/grupopueblodedios.org\/liturgiasemanal\/wp-json\/wp\/v2\/types\/post"}],"author":[{"embeddable":true,"href":"https:\/\/grupopueblodedios.org\/liturgiasemanal\/wp-json\/wp\/v2\/users\/3"}],"replies":[{"embeddable":true,"href":"https:\/\/grupopueblodedios.org\/liturgiasemanal\/wp-json\/wp\/v2\/comments?post=505"}],"version-history":[{"count":3,"href":"https:\/\/grupopueblodedios.org\/liturgiasemanal\/wp-json\/wp\/v2\/posts\/505\/revisions"}],"predecessor-version":[{"id":509,"href":"https:\/\/grupopueblodedios.org\/liturgiasemanal\/wp-json\/wp\/v2\/posts\/505\/revisions\/509"}],"wp:featuredmedia":[{"embeddable":true,"href":"https:\/\/grupopueblodedios.org\/liturgiasemanal\/wp-json\/wp\/v2\/media\/506"}],"wp:attachment":[{"href":"https:\/\/grupopueblodedios.org\/liturgiasemanal\/wp-json\/wp\/v2\/media?parent=505"}],"wp:term":[{"taxonomy":"category","embeddable":true,"href":"https:\/\/grupopueblodedios.org\/liturgiasemanal\/wp-json\/wp\/v2\/categories?post=505"},{"taxonomy":"post_tag","embeddable":true,"href":"https:\/\/grupopueblodedios.org\/liturgiasemanal\/wp-json\/wp\/v2\/tags?post=505"}],"curies":[{"name":"wp","href":"https:\/\/api.w.org\/{rel}","templated":true}]}}