{"id":510,"date":"2025-06-10T01:07:51","date_gmt":"2025-06-10T01:07:51","guid":{"rendered":"https:\/\/grupopueblodedios.org\/liturgiasemanal\/?p=510"},"modified":"2025-06-10T01:07:51","modified_gmt":"2025-06-10T01:07:51","slug":"bendecir-a-los-padres","status":"publish","type":"post","link":"https:\/\/grupopueblodedios.org\/liturgiasemanal\/bendecir-a-los-padres\/","title":{"rendered":"BENDECIR A LOS PADRES"},"content":{"rendered":"\n<p class=\"has-medium-font-size\"><strong>11. BENDICI\u00d3N DE LOS PADRES EN SU<\/strong><img loading=\"lazy\" decoding=\"async\" width=\"150\" height=\"199\" class=\"wp-image-511\" style=\"width: 150px;\" src=\"https:\/\/grupopueblodedios.org\/liturgiasemanal\/wp-content\/uploads\/2025\/06\/WhatsApp-Image-2025-06-07-at-14.48.26.jpeg\" alt=\"\" srcset=\"https:\/\/grupopueblodedios.org\/liturgiasemanal\/wp-content\/uploads\/2025\/06\/WhatsApp-Image-2025-06-07-at-14.48.26.jpeg 1204w, https:\/\/grupopueblodedios.org\/liturgiasemanal\/wp-content\/uploads\/2025\/06\/WhatsApp-Image-2025-06-07-at-14.48.26-226x300.jpeg 226w, https:\/\/grupopueblodedios.org\/liturgiasemanal\/wp-content\/uploads\/2025\/06\/WhatsApp-Image-2025-06-07-at-14.48.26-771x1024.jpeg 771w, https:\/\/grupopueblodedios.org\/liturgiasemanal\/wp-content\/uploads\/2025\/06\/WhatsApp-Image-2025-06-07-at-14.48.26-768x1021.jpeg 768w, https:\/\/grupopueblodedios.org\/liturgiasemanal\/wp-content\/uploads\/2025\/06\/WhatsApp-Image-2025-06-07-at-14.48.26-1156x1536.jpeg 1156w, https:\/\/grupopueblodedios.org\/liturgiasemanal\/wp-content\/uploads\/2025\/06\/WhatsApp-Image-2025-06-07-at-14.48.26-203x270.jpeg 203w\" sizes=\"auto, (max-width: 150px) 100vw, 150px\" \/><strong> D\u00cdA&nbsp;<\/strong><\/p>\n\n\n\n<p class=\"has-vivid-red-color has-text-color has-link-color has-small-font-size wp-elements-84d037a86c96b9d1e75bf7fb38672478\"><em>Bendicional Argentino nuevo pag 54 en adelante<\/em><em><\/em><\/p>\n\n\n\n<div class=\"wp-block-group\"><div class=\"wp-block-group__inner-container is-layout-constrained wp-block-group-is-layout-constrained\">\n<div class=\"wp-block-group is-vertical is-layout-flex wp-container-core-group-is-layout-8cf370e7 wp-block-group-is-layout-flex\">\n<div class=\"wp-block-group has-vivid-cyan-blue-color has-text-color has-link-color wp-elements-0559bf75bad011def4ae2281550b623f\"><div class=\"wp-block-group__inner-container is-layout-constrained wp-block-group-is-layout-constrained\">\n<p class=\"has-small-font-size\">238. En algunos pa\u00edses se identifica un d\u00eda determinado del a\u00f1o como \u00abd\u00eda del padre\u00bb. Para ese d\u00eda es la bendici\u00f3n que se presenta aqu\u00ed. Pero no obsta que se utilice en otra circunstancia espec\u00edfica en la cual se elogie el don de la paternidad.<\/p>\n\n\n\n<p class=\"has-small-font-size\">239. El rito que sigue est\u00e1 pensado para celebrarse fuera de la Misa. Si se desea impartir la bendici\u00f3n de los padres en su d\u00eda dentro de la celebraci\u00f3n de la Misa, om\u00edtanse todos los elementos previos a la bendici\u00f3n que se presentan a continuaci\u00f3n, salvo alguna de las preces m\u00e1s oportunas que pueden incorporarse a la Oraci\u00f3n universal del d\u00eda con las debidas adaptaciones de redacci\u00f3n, e imp\u00e1rtase la oraci\u00f3n de bendici\u00f3n sobre los padres, justo antes de la bendici\u00f3n final de la Misa, en cuyo caso y seg\u00fan las circunstancias puede pedirse a los padres presentes que se acerquen ante el presbiterio o bien, si parece m\u00e1s oportuno, que se pongan de rodillas en sus lugares para recibir esa bendici\u00f3n espec\u00edfica.<\/p>\n\n\n\n<p class=\"has-small-font-size\">240. Si la bendici\u00f3n se realiza fuera de la Misa, el rito que siempre puede ser presidido por un sacerdote o di\u00e1cono, puede en ese caso ser dirigido por un laico, teniendo este en cuenta las adaptaciones que le son propias seg\u00fan se se\u00f1ala en cada caso.<\/p>\n<\/div><\/div>\n<\/div>\n<\/div><\/div>\n\n\n\n<div class=\"wp-block-group is-vertical is-layout-flex wp-container-core-group-is-layout-8cf370e7 wp-block-group-is-layout-flex\">\n<p><strong>RITO DE BENDICI\u00d3N<\/strong><\/p>\n\n\n\n<p>RITOS INICIALES<\/p>\n<\/div>\n\n\n\n<p class=\"has-vivid-red-color has-text-color has-link-color has-small-font-size wp-elements-6593ccea1097ceca18ead15d29ac4b2f\"><em>241. Reunida la familia o la comunidad de los fieles, el ministro dice:<\/em><\/p>\n\n\n\n<p>En el nombre del Padre, y del Hijo, y del Esp\u00edritu Santo.<\/p>\n\n\n\n<p class=\"has-vivid-red-color has-text-color has-link-color has-small-font-size wp-elements-8c524910ec256fc48ddcb7ad063a5aec\"><em>Todos se signan y responden:<\/em>           <\/p>\n\n\n\n<p><strong>Am\u00e9n.<\/strong><\/p>\n\n\n\n<p class=\"has-vivid-red-color has-text-color has-link-color has-small-font-size wp-elements-545bcbacf0e0ce970acd0e022db46b82\"><em>242. Luego el ministro, si es sacerdote o di\u00e1cono, saluda a los presentes, diciendo:<\/em><\/p>\n\n\n\n<div class=\"wp-block-group is-vertical is-content-justification-stretch is-layout-flex wp-container-core-group-is-layout-b16ad781 wp-block-group-is-layout-flex\">\n<p class=\"has-text-align-center has-black-color has-text-color has-link-color wp-elements-1a03b8c99f6bf0aee2779a648f4e24ad\">Jesucristo, el Hijo de Dios,   que creci\u00f3 en el seno de la Familia de Nazaret<\/p>\n\n\n\n<p class=\"has-text-align-center has-black-color has-text-color has-link-color wp-elements-c8180f0b9740ae09d75680ea728e0ee9\">junto a su madre la Virgen y a su padre san Jos\u00e9,<\/p>\n\n\n\n<p class=\"has-text-align-center has-black-color has-text-color has-link-color wp-elements-32299e04abef8f5e66de67913cd6d967\">est\u00e9 con ustedes.<\/p>\n<\/div>\n\n\n\n<p class=\"has-vivid-red-color has-text-color has-link-color has-small-font-size wp-elements-1d2167cd8c5c5a972d44102c059371fd\"><em>Todos responden:<\/em><\/p>\n\n\n\n<p><strong>Y con tu esp\u00edritu.<\/strong><\/p>\n\n\n\n<p class=\"has-vivid-red-color has-text-color has-link-color has-small-font-size wp-elements-ff1deafd3b976eff018ecaae4e36114f\"><em>243. Si el ministro es laico, saluda a los presentes, diciendo:<\/em><\/p>\n\n\n\n<p><strong>Hermanos, bendigamos a Jes\u00fas, el Se\u00f1or,  que creci\u00f3 bajo los cuidados amorosos de su Padre adoptivo San Jos\u00e9.<\/strong><\/p>\n\n\n\n<p class=\"has-vivid-red-color has-text-color has-link-color has-small-font-size wp-elements-e641b2ab536b987ce1c3dfa22e8f0b25\">Todos responden:<\/p>\n\n\n\n<p>Bendito seas por siempre, Se\u00f1or.<\/p>\n\n\n\n<p class=\"has-vivid-red-color has-text-color has-link-color has-small-font-size wp-elements-a14f18d3d053d654f2c8bf5bfa837175\"><em>244. El ministro dispone a los presentes para la celebraci\u00f3n, con estas palabras u otras semejantes:<\/em><\/p>\n\n\n\n<p class=\"has-black-color has-text-color has-link-color wp-elements-368e04d375f63d7ca22f5d81e45dfd24\">Alabemos al Se\u00f1or de la vida, de quien procede toda paternidad en el cielo y en la tierra. \u00c9l ha puesto en cada padre la capacidad de plenificar su vida en su amor paternal, enriquecido con el don de la misma vida divina. Tambi\u00e9n dispuso que Jes\u00fas, su Hijo eterno, creciera en la tierra bajo los cuidados de un padre, y as\u00ed eligi\u00f3 a san Jos\u00e9 para que guiara sus pasos desde su tierna infancia, lo custodiara y educara.<\/p>\n\n\n\n<p><strong>Que esta bendici\u00f3n, sirva para que este (estos) padre(s) al modo de san Jos\u00e9, ame(n) a sus hijos y los acompa\u00f1e(n) hacia la madurez humana y cristiana.<\/strong><\/p>\n\n\n\n<p><strong>LECTURA DE LA PALABRA DE DIOS<\/strong><\/p>\n\n\n\n<div class=\"wp-block-group is-vertical is-layout-flex wp-container-core-group-is-layout-8cf370e7 wp-block-group-is-layout-flex\">\n<p class=\"has-vivid-red-color has-text-color has-link-color has-small-font-size wp-elements-5b54eee31c149417fe5f4e31b1824578\">245. Luego el ministro lee el siguiente texto u otro adecuado de la Sagrada Escritura.<\/p>\n\n\n\n<p class=\"has-vivid-red-color has-text-color has-link-color has-small-font-size wp-elements-afc46cc579049040a779ec7c04eeced4\">Lc 2, 41-52: <em>Regres\u00f3 con sus padres a Nazaret y viv\u00eda sujeto a ellos<\/em><\/p>\n<\/div>\n\n\n\n<p class=\"has-vivid-red-color has-text-color has-link-color has-small-font-size wp-elements-9ecb20f03987e9104e6e3743126f78db\"><em>Si el ministro es sacerdote o di\u00e1cono dice:<\/em><\/p>\n\n\n\n<p>Evangelio de nuestro Se\u00f1or Jesucristo seg\u00fan san Lucas.<\/p>\n\n\n\n<p class=\"has-vivid-red-color has-text-color has-link-color has-small-font-size wp-elements-9d5db73f764017aca6006aeb3a736707\"><em>Si el ministro es laico dice:<\/em><\/p>\n\n\n\n<div class=\"wp-block-group is-vertical is-layout-flex wp-container-core-group-is-layout-68afab4e wp-block-group-is-layout-flex\">\n<p>Escuchen hermanos las palabras del Evangelio seg\u00fan san Lucas.<\/p>\n\n\n\n<p>Sus padres iban todos los a\u00f1os a Jerusal\u00e9n en la fiesta de la Pascua. Cuando el ni\u00f1o cumpli\u00f3 doce a\u00f1os, subieron como de costumbre, y acabada la fiesta, Mar\u00eda y Jos\u00e9 regresaron, pero Jes\u00fas permaneci\u00f3 en Jerusal\u00e9n sin que ellos se dieran cuenta. Creyendo que estaba en la caravana, caminaron todo un d\u00eda y despu\u00e9s comenzaron a buscarlo entre los parientes y conocidos. Como no lo encontraron, volvieron a Jerusal\u00e9n en busca de \u00e9l. Al tercer d\u00eda, lo hallaron en el Templo en medio de los doctores de la Ley, escuch\u00e1ndolos y haci\u00e9ndoles preguntas. Y todos los que lo o\u00edan estaban asombrados de su inteligencia y sus respuestas.<\/p>\n\n\n\n<p>Al verlo, sus padres quedaron maravillados y su madre le dijo: \u00abHijo m\u00edo, \u00bfpor qu\u00e9 nos has hecho esto? Piensa que tu padre y yo te busc\u00e1bamos angustiados\u00bb.<\/p>\n\n\n\n<p>Jes\u00fas les respondi\u00f3: \u00ab\u00bfPor qu\u00e9 me buscaban? \u00bfNo sab\u00edan que yo debo ocuparme de los asuntos de mi Padre?\u00bb<\/p>\n\n\n\n<p>Ellos no entendieron lo que les dec\u00eda. \u00c9l regres\u00f3 con sus padres a Nazaret y viv\u00eda sujeto a ellos. Su madre conservaba estas cosas en su coraz\u00f3n. Jes\u00fas iba creciendo en sabidur\u00eda, en estatura y en gracia delante de Dios y de los hombres.<\/p>\n\n\n\n<p class=\"has-text-align-right\">                                                                                              Pala<em>bra del Se\u00f1or.<\/em><\/p>\n<\/div>\n\n\n\n<p class=\"has-vivid-red-color has-text-color has-link-color has-small-font-size wp-elements-4e78ffe01a0a136ccff10552c51356e5\"><em>246. El ministro, seg\u00fan las circunstancias, exhorta brevemente a los presentes, explic\u00e1ndoles la lectura b\u00edblica, para que perciban por la fe el significado de la celebraci\u00f3n.<\/em><\/p>\n\n\n\n<p><strong>PRECES<\/strong><\/p>\n\n\n\n<p class=\"has-vivid-red-color has-text-color has-link-color has-small-font-size wp-elements-e17b079e8cd19cbe3b8defc59d240aaa\"><em>247. Sigue la plegaria com\u00fan con las preces que aqu\u00ed se proponen o con otras que puedan parecer m\u00e1s adecuadas con las circunstancias y el momento.<\/em><\/p>\n\n\n\n<p>Alabemos a Jes\u00fas, fruto bendito de la familia de Nazaret, que por el misterio de su encarnaci\u00f3n ha derramado en el mundo la gracia a todos los padres, diciendo:<\/p>\n\n\n\n<p><strong>R. <em>Prot\u00e9genos, Se\u00f1or, por tu bondad.<\/em><\/strong><\/p>\n\n\n\n<div class=\"wp-block-group is-vertical is-layout-flex wp-container-core-group-is-layout-8cf370e7 wp-block-group-is-layout-flex\">\n<p>.   T\u00fa que te dignaste hacerte hombre necesitado de un padre, para que recibi\u00e9ramos el don de ser hijos por adopci\u00f3n. R.<\/p>\n\n\n\n<p>.   T\u00fa que en san Jos\u00e9, tu padre adoptivo, nos diste un ejemplo de padre justo y fiel. R.<\/p>\n\n\n\n<p>.  T\u00fa que de san Jos\u00e9 aprendiste sus virtudes de humildad, pobreza, paciencia, prudencia, fidelidad al plan de Dios y la m\u00e1s perfecta caridad. R.<\/p>\n\n\n\n<p>.   T\u00fa que permites que los padres reciban con alegr\u00eda y gozo a sus nuevos hijos y con ellos acrecientas la familia humana y la familia de la Iglesia, R.<\/p>\n<\/div>\n\n\n\n<p class=\"has-vivid-red-color has-text-color has-link-color has-small-font-size wp-elements-173695d05a8253a7573622f7797fce4b\"><em>248. El ministro invita a rezar la oraci\u00f3n del Se\u00f1or, con las siguientes palabras u otras semejantes:<\/em><\/p>\n\n\n\n<p><strong>A Dios, que es fuente de toda paternidad, lo invocamos ahora, diciendo:<\/strong><\/p>\n\n\n\n<p class=\"has-medium-font-size\"><strong>Padre nuestro\u2026<\/strong><\/p>\n\n\n\n<p><strong>ORACI\u00d3N DE BENDICI\u00d3N<\/strong><\/p>\n\n\n\n<p class=\"has-vivid-red-color has-text-color has-link-color has-small-font-size wp-elements-743e9706a72ab372bb27ff763c2335aa\"><em>249. El ministro, si es sacerdote o di\u00e1cono, extiende, seg\u00fan las circunstancias, las manos sobre el(los) padre(s), o bien hace la se\u00f1al de la cruz en su frente, y pronuncia la oraci\u00f3n de bendici\u00f3n; si es laico dice la oraci\u00f3n de bendici\u00f3n con las manos juntas y omitiendo la se\u00f1al de la cruz.<\/em><\/p>\n\n\n\n<div class=\"wp-block-group is-vertical is-layout-flex wp-container-core-group-is-layout-76a81b31 wp-block-group-is-layout-flex\">\n<p>Se\u00f1or, Padre bueno,<\/p>\n\n\n\n<p>de quien procede toda paternidad en el cielo y en la tierra,<\/p>\n\n\n\n<p>mira con ternura a este (estos) padre(s)<\/p>\n\n\n\n<p>a quien(es), en su d\u00eda,<\/p>\n\n\n\n<p>venimos a honrar, recordar, agradecer<\/p>\n\n\n\n<p>y valorar como uno de los regalos m\u00e1s preciosos<\/p>\n\n\n\n<p>que nos has hecho y que nos colma en el afecto.<\/p>\n\n\n\n<p class=\"has-medium-font-size\">Te pedimos, que bendigas <strong>+ <\/strong>a este (estos) padre(s),<\/p>\n\n\n\n<p>que ejerce(n) su paternidad con fidelidad,<\/p>\n\n\n\n<p>y a todos aquellos que lo son de esp\u00edritu y de coraz\u00f3n por la adopci\u00f3n.<\/p>\n\n\n\n<p>Por Jesucristo nuestro Se\u00f1or<\/p>\n\n\n\n<p>R. Am\u00e9n.<\/p>\n<\/div>\n\n\n\n<p class=\"has-medium-font-size\"><strong>ASPERSI\u00d3N<\/strong><\/p>\n\n\n\n<p class=\"has-vivid-red-color has-text-color has-link-color has-small-font-size wp-elements-85fd5e5b68d4db7acc7bb9e21349490a\"><em>250. Acabada la oraci\u00f3n, el ministro roc\u00eda con agua bendita a los padres y a los presentes, mientras se puede guardar un momento de silencio o cantar un canto adecuado (ver pp.).<\/em><\/p>\n\n\n\n<p>CONCLUSI\u00d3N DEL RITO<\/p>\n\n\n\n<p class=\"has-vivid-red-color has-text-color has-link-color has-small-font-size wp-elements-c78c7d98631e59c7da4ed5e37f498016\"><em>251. El ministro, si es sacerdote o di\u00e1cono, concluye el rito, diciendo:<\/em><\/p>\n\n\n\n<div class=\"wp-block-group is-vertical is-layout-flex wp-container-core-group-is-layout-8cf370e7 wp-block-group-is-layout-flex\">\n<p>Dios Padre, haga de estos padres servidores generosos<\/p>\n\n\n\n<p>en la aceptaci\u00f3n y en el crecimiento de la vida.<\/p>\n<\/div>\n\n\n\n<p>R. Am\u00e9n.<\/p>\n\n\n\n<p class=\"has-vivid-red-color has-text-color has-link-color has-small-font-size wp-elements-15ec7b5b945454de048790a3c628f2da\">Y bendice a todos los presentes, diciendo:<\/p>\n\n\n\n<div class=\"wp-block-group is-vertical is-layout-flex wp-container-core-group-is-layout-8cf370e7 wp-block-group-is-layout-flex\">\n<p>Y a todos ustedes,<\/p>\n\n\n\n<p>los bendiga Dios todopoderoso,<\/p>\n\n\n\n<p>Padre, Hijo + y Esp\u00edritu Santo<\/p>\n<\/div>\n\n\n\n<p>R. Am\u00e9n.<\/p>\n\n\n\n<p class=\"has-vivid-red-color has-text-color has-link-color has-small-font-size wp-elements-7c7c0836c2caef57d7efd60e8aa17f53\"><em>252. Si el ministro es laico, implora la bendici\u00f3n del Se\u00f1or sobre los padres y todos los presentes, santigu\u00e1ndose y diciendo:<\/em><\/p>\n\n\n\n<div class=\"wp-block-group is-vertical is-layout-flex wp-container-core-group-is-layout-8cf370e7 wp-block-group-is-layout-flex\">\n<p>El Se\u00f1or nos bendiga,<\/p>\n\n\n\n<p>nos aleje de todo mal<\/p>\n\n\n\n<p>y nos lleve a la vida eterna.<\/p>\n\n\n\n<p>Todos responden:<\/p>\n\n\n\n<p>Am\u00e9n.<\/p>\n<\/div>\n\n\n\n<p class=\"has-vivid-red-color has-text-color has-link-color has-small-font-size wp-elements-435fab653f7ef87a1ad54a2572e61397\"><em>252. Si parece oportuno, puede entonarse un canto adecuado.<\/em><\/p>\n\n\n\n<p><\/p>\n","protected":false},"excerpt":{"rendered":"<p>11. BENDICI\u00d3N DE LOS PADRES EN SU D\u00cdA&nbsp; Bendicional Argentino nuevo pag 54 en adelante 238. En algunos pa\u00edses se identifica un d\u00eda determinado del a\u00f1o como \u00abd\u00eda del padre\u00bb. Para ese d\u00eda es la bendici\u00f3n que se presenta aqu\u00ed. Pero no obsta que se utilice en otra circunstancia espec\u00edfica en la cual se elogie el don de la paternidad. 239. El rito que sigue est\u00e1 pensado para celebrarse fuera de la Misa. Si se desea impartir la bendici\u00f3n de&#8230;<\/p>\n<p class=\"read-more\"><a class=\"btn btn-default\" href=\"https:\/\/grupopueblodedios.org\/liturgiasemanal\/bendecir-a-los-padres\/\"> Leer m\u00e1s<span class=\"screen-reader-text\">  Leer m\u00e1s<\/span><\/a><\/p>\n","protected":false},"author":3,"featured_media":511,"comment_status":"open","ping_status":"open","sticky":false,"template":"","format":"standard","meta":{"footnotes":""},"categories":[15],"tags":[],"class_list":["post-510","post","type-post","status-publish","format-standard","has-post-thumbnail","hentry","category-piedad-popular-y-liturgia"],"_links":{"self":[{"href":"https:\/\/grupopueblodedios.org\/liturgiasemanal\/wp-json\/wp\/v2\/posts\/510","targetHints":{"allow":["GET"]}}],"collection":[{"href":"https:\/\/grupopueblodedios.org\/liturgiasemanal\/wp-json\/wp\/v2\/posts"}],"about":[{"href":"https:\/\/grupopueblodedios.org\/liturgiasemanal\/wp-json\/wp\/v2\/types\/post"}],"author":[{"embeddable":true,"href":"https:\/\/grupopueblodedios.org\/liturgiasemanal\/wp-json\/wp\/v2\/users\/3"}],"replies":[{"embeddable":true,"href":"https:\/\/grupopueblodedios.org\/liturgiasemanal\/wp-json\/wp\/v2\/comments?post=510"}],"version-history":[{"count":2,"href":"https:\/\/grupopueblodedios.org\/liturgiasemanal\/wp-json\/wp\/v2\/posts\/510\/revisions"}],"predecessor-version":[{"id":513,"href":"https:\/\/grupopueblodedios.org\/liturgiasemanal\/wp-json\/wp\/v2\/posts\/510\/revisions\/513"}],"wp:featuredmedia":[{"embeddable":true,"href":"https:\/\/grupopueblodedios.org\/liturgiasemanal\/wp-json\/wp\/v2\/media\/511"}],"wp:attachment":[{"href":"https:\/\/grupopueblodedios.org\/liturgiasemanal\/wp-json\/wp\/v2\/media?parent=510"}],"wp:term":[{"taxonomy":"category","embeddable":true,"href":"https:\/\/grupopueblodedios.org\/liturgiasemanal\/wp-json\/wp\/v2\/categories?post=510"},{"taxonomy":"post_tag","embeddable":true,"href":"https:\/\/grupopueblodedios.org\/liturgiasemanal\/wp-json\/wp\/v2\/tags?post=510"}],"curies":[{"name":"wp","href":"https:\/\/api.w.org\/{rel}","templated":true}]}}