{"id":515,"date":"2025-06-16T00:40:52","date_gmt":"2025-06-16T00:40:52","guid":{"rendered":"https:\/\/grupopueblodedios.org\/liturgiasemanal\/?p=515"},"modified":"2025-06-16T03:23:30","modified_gmt":"2025-06-16T03:23:30","slug":"secuencia-de-corpus","status":"publish","type":"post","link":"https:\/\/grupopueblodedios.org\/liturgiasemanal\/secuencia-de-corpus\/","title":{"rendered":"SECUENCIA DE CORPUS"},"content":{"rendered":"\n<p class=\"has-drop-cap has-medium-font-size\">Recemos esta hermosa oraci\u00f3n que nos hace saborear el sacramento del Cuerpo y de la Sangre de Cristo<\/p>\n\n\n\n<p class=\"has-vivid-red-color has-text-color has-link-color has-medium-font-size wp-elements-339019e108972e42869864c800f74744\"><em><strong>Esta secuencia es optativa y puede decirse \u00edntegra o desde * Este es el pan de los \u00e1ngeles.<\/strong><\/em><\/p>\n\n\n\n<p>versi\u00f3n del  +P JOSE BEVILACQUA    <\/p>\n\n\n\n<p>audio :   <a href=\"https:\/\/youtu.be\/ZmQ-A78NOVY?si=zkc4VSZc3BgfBehX\">https:\/\/youtu.be\/ZmQ-A78NOVY?si=zkc4VSZc3BgfBehX<\/a><img loading=\"lazy\" decoding=\"async\" width=\"150\" height=\"100\" class=\"wp-image-519\" style=\"width: 150px;\" src=\"https:\/\/grupopueblodedios.org\/liturgiasemanal\/wp-content\/uploads\/2025\/06\/PB290332-e1750044046369.jpg\" alt=\"\"><\/p>\n\n\n\n<p class=\"has-vivid-red-color has-text-color has-link-color has-medium-font-size wp-elements-51515e54e8b4037f6d5bd3e8fc350b36\"><em>(sentados)\u00a0<\/em><\/p>\n\n\n\n<p class=\"has-vivid-red-color has-text-color has-link-color wp-elements-17160ac9d0750e96747a5b05e650fdb1\"><em>\u00a0( a dos coros o dos lectores )<\/em><\/p>\n\n\n\n<p class=\"has-luminous-vivid-amber-color has-text-color has-link-color has-x-large-font-size wp-elements-05eb947621dc444cc4c7175adbbf3521\">QUE LA IGLESIA CANTE ALEGRE<\/p>\n\n\n\n<p class=\"has-luminous-vivid-amber-color has-text-color has-link-color has-x-large-font-size wp-elements-c4b8e4fc6718535136497adc3160cbb2\">CELEBRANDO LA EUCARISTIA<\/p>\n\n\n\n<div class=\"wp-block-group is-vertical is-layout-flex wp-container-core-group-is-layout-8cf370e7 wp-block-group-is-layout-flex\">\n<div class=\"wp-block-group\"><div class=\"wp-block-group__inner-container is-layout-constrained wp-block-group-is-layout-constrained\">\n<p class=\"has-text-align-center\">\u00c9ste es el pan de los \u00e1ngeles,<\/p>\n\n\n\n<p class=\"has-text-align-center\">hecho &nbsp;alimento de los peregrinos:<\/p>\n\n\n\n<p class=\"has-text-align-center\">&nbsp;verdadero pan de los hijos,<\/p>\n\n\n\n<p class=\"has-text-align-center\">que no debe ser desechado<\/p>\n<\/div><\/div>\n<\/div>\n\n\n\n<div class=\"wp-block-group\"><div class=\"wp-block-group__inner-container is-layout-constrained wp-block-group-is-layout-constrained\">\n<p class=\"has-text-align-center\">Lo anunciaron varios signos:<\/p>\n\n\n\n<p class=\"has-text-align-center\">El sacrificio de Isaac,<\/p>\n\n\n\n<p class=\"has-text-align-center\">El&nbsp; Cordero de la Pascua<\/p>\n\n\n\n<p class=\"has-text-align-center\">y el Man\u00e1 que comieron nuestros padres.<\/p>\n<\/div><\/div>\n\n\n\n<div class=\"wp-block-group\"><div class=\"wp-block-group__inner-container is-layout-constrained wp-block-group-is-layout-constrained\">\n<div class=\"wp-block-group\"><div class=\"wp-block-group__inner-container is-layout-constrained wp-block-group-is-layout-constrained\">\n<p class=\"has-text-align-center\">Buen Pastor, pan verdadero,<\/p>\n\n\n\n<p class=\"has-text-align-center\">Jes\u00fas, &nbsp;ten piedad!<\/p>\n\n\n\n<p class=\"has-text-align-center\">N\u00fatrenos y defi\u00e9ndenos &nbsp;<\/p>\n\n\n\n<p class=\"has-text-align-center\">Ll\u00e9vanos a &nbsp;los bienes eternos<\/p>\n\n\n\n<p class=\"has-text-align-center\">en la tierra de los vivientes.<\/p>\n<\/div><\/div>\n<\/div><\/div>\n\n\n\n<div class=\"wp-block-group\"><div class=\"wp-block-group__inner-container is-layout-constrained wp-block-group-is-layout-constrained\">\n<div class=\"wp-block-group\"><div class=\"wp-block-group__inner-container is-layout-constrained wp-block-group-is-layout-constrained\">\n<div class=\"wp-block-group\"><div class=\"wp-block-group__inner-container is-layout-constrained wp-block-group-is-layout-constrained\">\n<p>T\u00fa, que lo sabes y lo puedes todo,<\/p>\n\n\n\n<p>T\u00fa, que nos nutres en este mundo,<\/p>\n\n\n\n<p>convi\u00e9rtenos en tus comensales del cielo,<\/p>\n\n\n\n<p>en tus coherederos y amigos,<\/p>\n<\/div><\/div>\n\n\n\n<p>junto con todos los santos.<\/p>\n<\/div><\/div>\n<\/div><\/div>\n\n\n\n<p><strong>PARTITURA<\/strong><\/p>\n\n\n\n<p><a href=\"https:\/\/sites.google.com\/site\/canticanovaetvetera\/partituras\/varios\">https:\/\/sites.google.com\/site\/canticanovaetvetera\/partituras\/varios<\/a><\/p>\n\n\n\n<p><a href=\"https:\/\/www.dropbox.com\/scl\/fi\/4vly4iv0l93uy5f8fldlu\/SecuenciaCorpusChristiBEVI.pdf?rlkey=143qd4ybtfp9er032aje70hwl&amp;dl=0\">https:\/\/www.dropbox.com\/scl\/fi\/4vly4iv0l93uy5f8fldlu\/SecuenciaCorpusChristiBEVI.pdf?rlkey=143qd4ybtfp9er032aje70hwl&amp;dl=0<\/a><\/p>\n\n\n\n<p><\/p>\n","protected":false},"excerpt":{"rendered":"<p>Recemos esta hermosa oraci\u00f3n que nos hace saborear el sacramento del Cuerpo y de la Sangre de Cristo Esta secuencia es optativa y puede decirse \u00edntegra o desde * Este es el pan de los \u00e1ngeles. versi\u00f3n del +P JOSE BEVILACQUA audio : https:\/\/youtu.be\/ZmQ-A78NOVY?si=zkc4VSZc3BgfBehX (sentados)\u00a0 \u00a0( a dos coros o dos lectores ) QUE LA IGLESIA CANTE ALEGRE CELEBRANDO LA EUCARISTIA \u00c9ste es el pan de los \u00e1ngeles, hecho &nbsp;alimento de los peregrinos: &nbsp;verdadero pan de los hijos, que no&#8230;<\/p>\n<p class=\"read-more\"><a class=\"btn btn-default\" href=\"https:\/\/grupopueblodedios.org\/liturgiasemanal\/secuencia-de-corpus\/\"> Leer m\u00e1s<span class=\"screen-reader-text\">  Leer m\u00e1s<\/span><\/a><\/p>\n","protected":false},"author":3,"featured_media":516,"comment_status":"open","ping_status":"open","sticky":false,"template":"","format":"standard","meta":{"footnotes":""},"categories":[15,1],"tags":[],"class_list":["post-515","post","type-post","status-publish","format-standard","has-post-thumbnail","hentry","category-piedad-popular-y-liturgia","category-sin-categoria"],"_links":{"self":[{"href":"https:\/\/grupopueblodedios.org\/liturgiasemanal\/wp-json\/wp\/v2\/posts\/515","targetHints":{"allow":["GET"]}}],"collection":[{"href":"https:\/\/grupopueblodedios.org\/liturgiasemanal\/wp-json\/wp\/v2\/posts"}],"about":[{"href":"https:\/\/grupopueblodedios.org\/liturgiasemanal\/wp-json\/wp\/v2\/types\/post"}],"author":[{"embeddable":true,"href":"https:\/\/grupopueblodedios.org\/liturgiasemanal\/wp-json\/wp\/v2\/users\/3"}],"replies":[{"embeddable":true,"href":"https:\/\/grupopueblodedios.org\/liturgiasemanal\/wp-json\/wp\/v2\/comments?post=515"}],"version-history":[{"count":3,"href":"https:\/\/grupopueblodedios.org\/liturgiasemanal\/wp-json\/wp\/v2\/posts\/515\/revisions"}],"predecessor-version":[{"id":520,"href":"https:\/\/grupopueblodedios.org\/liturgiasemanal\/wp-json\/wp\/v2\/posts\/515\/revisions\/520"}],"wp:featuredmedia":[{"embeddable":true,"href":"https:\/\/grupopueblodedios.org\/liturgiasemanal\/wp-json\/wp\/v2\/media\/516"}],"wp:attachment":[{"href":"https:\/\/grupopueblodedios.org\/liturgiasemanal\/wp-json\/wp\/v2\/media?parent=515"}],"wp:term":[{"taxonomy":"category","embeddable":true,"href":"https:\/\/grupopueblodedios.org\/liturgiasemanal\/wp-json\/wp\/v2\/categories?post=515"},{"taxonomy":"post_tag","embeddable":true,"href":"https:\/\/grupopueblodedios.org\/liturgiasemanal\/wp-json\/wp\/v2\/tags?post=515"}],"curies":[{"name":"wp","href":"https:\/\/api.w.org\/{rel}","templated":true}]}}